{"id":1182,"date":"2015-05-01T08:04:23","date_gmt":"2015-05-01T08:04:23","guid":{"rendered":"http:\/\/vkdszsz.hu\/?p=1182"},"modified":"2018-06-19T08:05:46","modified_gmt":"2018-06-19T08:05:46","slug":"kepessegfejleszto-kommunikacios-trening-debrecenben-a-tamop-palyazat-kereteben-erdekkepviseleti-vezetok-kepzese","status":"publish","type":"post","link":"https:\/\/vkdszsz.hu\/?p=1182","title":{"rendered":"K\u00e9pess\u00e9gfejleszt\u0151, kommunik\u00e1ci\u00f3s tr\u00e9ning Debrecenben a T\u00c1MOP p\u00e1ly\u00e1zat keret\u00e9ben \u00c9rdekk\u00e9pviseleti vezet\u0151k k\u00e9pz\u00e9se"},"content":{"rendered":"<p>\u201e\u00c9rdek\u00e9rv\u00e9nyes\u00edt\u0151 k\u00e9pess\u00e9gek, kompetenci\u00e1k fejleszt\u00e9se, munkajogi \u00e9s munka\u00fcgyi ismeretek gyarap\u00edt\u00e1sa, a szoci\u00e1lis p\u00e1rbesz\u00e9d er\u0151s\u00edt\u00e9se a v\u00edzik\u00f6zm\u0171-\u00e9s f\u00fcrd\u0151szolg\u00e1ltat\u00e1s ter\u00fclet\u00e9n\u201d c\u00edm\u0171 T\u00c1MOP-2.5.3. A-13\/1-2013-0041 programunk keret\u00e9ben, 2015. m\u00e1jus 7-8.-\u00e1n k\u00e9pess\u00e9gfejleszt\u0151, kommunik\u00e1ci\u00f3s tr\u00e9ninget szervezt\u00fcnk \u00e9rdekk\u00e9pviseleti vezet\u0151k sz\u00e1m\u00e1ra Debrecenben. A k\u00e9pz\u00e9sen 25 f\u0151 vett r\u00e9szt, akik a VKDSZ Kelet-Magyarorsz\u00e1gi r\u00e9gi\u00f3j\u00e1ban m\u0171k\u00f6d\u0151 tagszervezeteit\u0151l \u00e9rkeztek.<\/p>\n<p>&nbsp;<\/p>\n<p>A tr\u00e9ning f\u0151 t\u00e9m\u00e1i: kommunik\u00e1ci\u00f3s k\u00e9pess\u00e9gek \u00e9s k\u00e9szs\u00e9gek fejleszt\u00e9se, \u00f6nismereti gyakorlatok, stresszhelyzetek kezel\u00e9se, t\u00e1rgyal\u00e1stechnika, konfliktuskezel\u00e9s m\u00f3dszerei \u00e9s k\u00fcl\u00f6nf\u00e9le csapat\u00e9p\u00edt\u0151 j\u00e1t\u00e9kok alkalmaz\u00e1sa.<\/p>\n<p>&nbsp;<\/p>\n<p>VKDSZ<\/p>\n","protected":false},"excerpt":{"rendered":"<p>\u201e\u00c9rdek\u00e9rv\u00e9nyes\u00edt\u0151 k\u00e9pess\u00e9gek, kompetenci\u00e1k fejleszt\u00e9se, munkajogi \u00e9s munka\u00fcgyi ismeretek gyarap\u00edt\u00e1sa, a szoci\u00e1lis p\u00e1rbesz\u00e9d er\u0151s\u00edt\u00e9se a v\u00edzik\u00f6zm\u0171-\u00e9s f\u00fcrd\u0151szolg\u00e1ltat\u00e1s ter\u00fclet\u00e9n\u201d c\u00edm\u0171 T\u00c1MOP-2.5.3. A-13\/1-2013-0041 programunk keret\u00e9ben, 2015. m\u00e1jus 7-8.-\u00e1n k\u00e9pess\u00e9gfejleszt\u0151, kommunik\u00e1ci\u00f3s tr\u00e9ninget szervezt\u00fcnk \u00e9rdekk\u00e9pviseleti vezet\u0151k sz\u00e1m\u00e1ra Debrecenben. A k\u00e9pz\u00e9sen 25 f\u0151 vett r\u00e9szt, akik a VKDSZ Kelet-Magyarorsz\u00e1gi r\u00e9gi\u00f3j\u00e1ban m\u0171k\u00f6d\u0151 tagszervezeteit\u0151l \u00e9rkeztek. &nbsp; A tr\u00e9ning f\u0151 t\u00e9m\u00e1i: kommunik\u00e1ci\u00f3s k\u00e9pess\u00e9gek \u00e9s&#8230;<\/p>\n","protected":false},"author":1,"featured_media":0,"comment_status":"closed","ping_status":"closed","sticky":false,"template":"","format":"standard","meta":{"footnotes":""},"categories":[30],"tags":[],"class_list":["post-1182","post","type-post","status-publish","format-standard","hentry","category-tamop"],"_links":{"self":[{"href":"https:\/\/vkdszsz.hu\/index.php?rest_route=\/wp\/v2\/posts\/1182","targetHints":{"allow":["GET"]}}],"collection":[{"href":"https:\/\/vkdszsz.hu\/index.php?rest_route=\/wp\/v2\/posts"}],"about":[{"href":"https:\/\/vkdszsz.hu\/index.php?rest_route=\/wp\/v2\/types\/post"}],"author":[{"embeddable":true,"href":"https:\/\/vkdszsz.hu\/index.php?rest_route=\/wp\/v2\/users\/1"}],"replies":[{"embeddable":true,"href":"https:\/\/vkdszsz.hu\/index.php?rest_route=%2Fwp%2Fv2%2Fcomments&post=1182"}],"version-history":[{"count":1,"href":"https:\/\/vkdszsz.hu\/index.php?rest_route=\/wp\/v2\/posts\/1182\/revisions"}],"predecessor-version":[{"id":1183,"href":"https:\/\/vkdszsz.hu\/index.php?rest_route=\/wp\/v2\/posts\/1182\/revisions\/1183"}],"wp:attachment":[{"href":"https:\/\/vkdszsz.hu\/index.php?rest_route=%2Fwp%2Fv2%2Fmedia&parent=1182"}],"wp:term":[{"taxonomy":"category","embeddable":true,"href":"https:\/\/vkdszsz.hu\/index.php?rest_route=%2Fwp%2Fv2%2Fcategories&post=1182"},{"taxonomy":"post_tag","embeddable":true,"href":"https:\/\/vkdszsz.hu\/index.php?rest_route=%2Fwp%2Fv2%2Ftags&post=1182"}],"curies":[{"name":"wp","href":"https:\/\/api.w.org\/{rel}","templated":true}]}}