{"id":1272,"date":"2018-07-10T11:48:55","date_gmt":"2018-07-10T11:48:55","guid":{"rendered":"http:\/\/vkdszsz.hu\/?p=1272"},"modified":"2018-07-10T11:48:55","modified_gmt":"2018-07-10T11:48:55","slug":"26-27-het-2018-junius-julius-vkdsz","status":"publish","type":"post","link":"https:\/\/vkdszsz.hu\/?p=1272","title":{"rendered":"26-27. h\u00e9t, 2018. j\u00fanius-j\u00falius, VKDSZ"},"content":{"rendered":"<p>J\u00fanius 26-\u00e1n F\u00fcrjes-G\u00e1bor J\u00f3zsef, a VKDSZ eln\u00f6ke, a LIGA Szakszervezetek aleln\u00f6ke \u00e9s a VKDSZ \u00fcgyvezet\u0151je\u00a0 dr. M\u00e9sz\u00e1ros Melind\u00e1val tal\u00e1lkozott a LIGA sz\u00e9kh\u00e1zban. Szervezeti k\u00e9rd\u00e9sekkel foglalkoztak, a region\u00e1lis referensek munk\u00e1j\u00e1r\u00f3l \u00e9s a folyamatban l\u00e9v\u0151 GINOP p\u00e1ly\u00e1zat aktu\u00e1lis feladatair\u00f3l egyeztettek.<\/p>\n<p>28-\u00e1n tartotta eln\u00f6ks\u00e9gi \u00fcl\u00e9s\u00e9t a VKDSZ. Els\u0151 napirendk\u00e9nt a F\u0151v\u00e1rosi V\u00edzm\u0171vek Zrt.\u00a0 Munkahelyi Szakszervezete Fel\u00fcgyel\u0151 Bizotts\u00e1g eln\u00f6k\u00e9vel t\u00e1rgyaltak. Kor\u00e1bban a Munkahelyi Szakszervezet V\u00e1lasztm\u00e1ny\u00e1nak n\u00e9h\u00e1ny tagja t\u00f6bblet inform\u00e1ci\u00f3kat k\u00edv\u00e1nt kapni a VKDSZ gazd\u00e1lkod\u00e1s\u00e1r\u00f3l, munk\u00e1j\u00e1r\u00f3l, eredm\u00e9nyeir\u0151l. A VKDSZ v\u00e1laszk\u00e9nt \u00e9ves \u00f6sszefoglal\u00f3kat, besz\u00e1mol\u00f3kat tett hozz\u00e1f\u00e9rhet\u0151v\u00e9 valamint ell\u00e1togatott a Munkahelyi Szakszervezet V\u00e1lasztm\u00e1nya \u00fcl\u00e9s\u00e9re. A napirend sor\u00e1n elhangzott, hogy megnyugtat\u00f3nak \u00e9s informat\u00edvnak tartott\u00e1k a kapott anyagokat, s nagy eredm\u00e9nynek tartj\u00e1k a Heti h\u00edrfolyam bevezet\u00e9s\u00e9t, mely sz\u00e9les k\u00f6rben teszi lehet\u0151v\u00e9 az inform\u00e1ci\u00f3 \u00e1raml\u00e1s\u00e1t.<\/p>\n<p>A k\u00f6vetkez\u0151kben az eln\u00f6ks\u00e9g ter\u00fcleti munk\u00e1j\u00e1t vitatt\u00e1k meg. Mivel t\u00f6bb c\u00e9gn\u00e9l alakult, illetve van alakul\u00f3ban hely szervezet, tov\u00e1bb\u00e1\u00a0 vannak egy\u00e9ni (nem v\u00edzm\u0171n\u00e9l vagy f\u00fcrd\u0151n\u00e9l dolgoz\u00f3) csatlakoz\u00f3k is, sz\u00e1mukra biztos\u00edtani kell a bel\u00e9p\u00e9s lehet\u0151s\u00e9g\u00e9t, az els\u0151 id\u0151szakban helyi csoportk\u00e9nt t\u00f6rt\u00e9n\u0151 m\u0171k\u00f6d\u00e9s\u00e9t. Hat\u00e1roztak a LIGA region\u00e1lis referenseivel val\u00f3 egy\u00fcttm\u0171k\u00f6d\u00e9sr\u0151l is. Vel\u00fck egy\u00fcttm\u0171k\u00f6dve hat\u00e9konyabban lehet a szervez\u0151 munk\u00e1t v\u00e9gezni.<\/p>\n<p>A t\u00e9m\u00e1ba v\u00e1g\u00f3 el\u0151terjeszt\u00e9s volt a tagtoborz\u00e1s, mely form\u00e1ir\u00f3l \u00e9s tags\u00e1ggal val\u00f3 k\u00f6zvetlenebb kapcsolttart\u00e1sr\u00f3l t\u00e1rgyaltak.<\/p>\n<p>V\u00e9gezet\u00fcl az \u00a0Ifj\u00fas\u00e1gi bizotts\u00e1g \u0151szi programterv\u00e9t fogadt\u00e1k el. A m\u00e1sf\u00e9lsz\u00e1z f\u0151s programra m\u00e1r most lehet a jelentkezni a <a href=\"mailto:jager.j85@gmail.com\">jager.j85@gmail.com<\/a> e-mail c\u00edmen.<\/p>\n<p>29-\u00e9n az \u00c1gazati P\u00e1rbesz\u00e9d Bizotts\u00e1gok Tan\u00e1csa tartotta \u00fcl\u00e9s\u00e9t a P\u00e9nz\u00fcgyminiszt\u00e9riumban. Elfogadt\u00e1k a 2017. \u00e9vi keretfelhaszn\u00e1l\u00e1s besz\u00e1mol\u00f3j\u00e1t \u00e9s a 2018. \u00e9vi felhaszn\u00e1l\u00e1s szab\u00e1lyrendszer\u00e9t. Az \u00fcl\u00e9s ut\u00e1n az \u00e1gazati szakszervezetek egyeztettek a kafet\u00e9ria juttat\u00e1sok tervezett megszigor\u00edt\u00e1sa miatt. Tiltakoz\u00e1sukr\u00f3l a konf\u00f6der\u00e1ci\u00f3kat t\u00e1j\u00e9koztatj\u00e1k \u00e9s azok d\u00f6nt\u00e9s\u00e9t\u0151l teszik f\u00fcgg\u0151v\u00e9 a tov\u00e1bbi l\u00e9p\u00e9seket.<\/p>\n<p>A VKDSZ keresi az \u00fcd\u00fcl\u0151 v\u00e1s\u00e1rl\u00e1si lehet\u0151s\u00e9get. J\u00falius 02-\u00e1n Tiszacseg\u00e9n tekintett meg az eln\u00f6ks\u00e9g n\u00e9h\u00e1ny tagja egy \u00fcd\u00fcl\u0151 komplexumot. A h\u00e1rom iker\u00e9p\u00fcletb\u0151l \u00e1ll\u00f3 \u2013 k\u00e9t kocsibe\u00e1ll\u00f3val, j\u00e1tsz\u00f3t\u00e9rrel, k\u00f6z\u00f6ss\u00e9gi terekkel stb. \u2013 kieg\u00e9sz\u00edtett t\u00e9lies\u00edtett\u00a0 nyaral\u00f3 kedvez\u0151 \u00e1rfekv\u00e9ssel, a Tisza-t\u00f3 k\u00f6zel\u00e9ben, melegvizes f\u00fcrd\u0151s v\u00e1rosban, p\u00e1r percre a haj\u00f3 \u00e9s komp-kik\u00f6t\u0151t\u0151l, \u00edg\u00e9retesnek t\u0171nt.<\/p>\n<p>03-\u00e1n a LIGA Szakszervezetek Eln\u00f6ks\u00e9gi \u00fcl\u00e9sezett. Szervezeti k\u00e9rd\u00e9sek mellett a v\u00e1rhat\u00f3 ad\u00f3t\u00f6rv\u00e9nyi v\u00e1ltoz\u00e1sokat \u00e9rt\u00e9kelt\u00e9k \u00e9s vitatt\u00e1k meg. Az elemz\u00e9seket \u00e1ttekintve l\u00e1tszik, hogy a munkav\u00e1llal\u00f3kat h\u00e1tr\u00e1nyosan \u00e9rinti a tervezett m\u00f3dos\u00edt\u00e1s. Ezt a LIGA nem tudja t\u00e1mogatni.<\/p>\n<p>E t\u00e9ma mellett besz\u00e1mol\u00f3kban t\u00e1j\u00e9koz\u00f3dtak a legfrissebb \u00e9rdekegyeztet\u00e9si esem\u00e9nyekr\u0151l, \u00edgy az Orsz\u00e1gos K\u00f6zszolg\u00e1lati \u00c9rdekegyeztet\u0151 Tan\u00e1cs \u00fcl\u00e9seir\u0151l, ahol kem\u00e9ny vit\u00e1k ut\u00e1n\u00a0 a r\u00e9sztvev\u0151k meg\u00e1llapodtak, hogy a beterjesztett ad\u00f3 \u00e9s j\u00e1rul\u00e9kt\u00f6rv\u00e9nyekr\u0151l folytatj\u00e1k a konzult\u00e1ci\u00f3t. Hasonl\u00f3 t\u00e9m\u00e1kkal \u00fclt \u00f6ssze a Versenyszf\u00e9ra \u00e9s a Korm\u00e1ny \u00c1lland\u00f3 Konzult\u00e1ci\u00f3s F\u00f3ruma. Itt a k\u00f6lts\u00e9gvet\u00e9s, valamint az ad\u00f3 \u00e9s j\u00e1rul\u00e9kt\u00f6rv\u00e9nyek tervezett m\u00f3dos\u00edt\u00e1s\u00e1r\u00f3l egyeztettek. Ezekr\u0151l az esem\u00e9nyekr\u0151l b\u0151vebben a LIGA honlapj\u00e1n lehet t\u00e1j\u00e9koz\u00f3dni.<\/p>\n<p><strong>Sz\u00ednes h\u00edrek a tagszervezetekt\u0151l:<\/strong><\/p>\n<p>A F\u0151v\u00e1rosi Csatorn\u00e1z\u00e1si M\u0171vek Zrt. Munkahelyi Szakszervezete 2018. \u00e1prilis 1-j\u00e9n tagjai r\u00e9sz\u00e9re csoportos munkav\u00e1llal\u00f3i felel\u0151ss\u00e9g \u00e9s csoportos \u00e9let-, baleset- \u00e9s eg\u00e9szs\u00e9gbiztos\u00edt\u00e1st k\u00f6t\u00f6tt a SIGNAL IDUNA Biztos\u00edt\u00f3 Zrt.-vel. A CSOPORTOS MUNKAV\u00c1LLAL\u00d3I FELEL\u0150SS\u00c9GBIZTOS\u00cdT\u00c1S kiterjed a szakszervezeti tag gondatlan k\u00e1rokoz\u00e1sa miatti k\u00e1rt\u00e9r\u00edt\u00e9si \u00f6sszeg, rendez\u00e9s\u00e9re, melyet a munk\u00e1ltat\u00f3 fel\u00e9 kellene fizetnie. A biztos\u00edt\u00e1sok megk\u00f6t\u00e9s\u00e9t a tags\u00e1g nagyon pozit\u00edvan \u00e9rt\u00e9kelte, melyet m\u00e9g egy tagbel\u00e9p\u00e9si hull\u00e1m is k\u00f6vetett.\u00a0 A biztos\u00edt\u00e1sokr\u00f3l a <a href=\"mailto:remenyi.zsuzsanna@partner.signal.hu\">remenyi.zsuzsanna@partner.signal.hu<\/a> e-mail c\u00edmen lehet \u00e9rdekl\u0151dni.<\/p>\n<p><strong>Egyebek:<\/strong> A konf\u00f6der\u00e1ci\u00f3k j\u00falius 4-\u00e9n egyeztek meg, hogy t\u00e1rgyalnak a korm\u00e1nyzat kafet\u00e9ria int\u00e9zked\u00e9sei ellen, eredm\u00e9nytelens\u00e9g eset\u00e9n pedig demonstr\u00e1ci\u00f3t szerveznek. A VKDSZ orsz\u00e1gos, \u00e1gazati szint\u0171 al\u00e1\u00edr\u00e1s gy\u0171jt\u00e9ssel t\u00e1mogatja a konf\u00f6der\u00e1ci\u00f3kat. A VKDSZ nyilatkozata a Honlapon tal\u00e1lhat\u00f3 meg.<\/p>\n<p>\u00c1d\u00e1m R\u00f3bert J\u00e1nos<br \/>\n\u00fcgyvezet\u0151<br \/>\n06-30\/6401463<br \/>\n<a href=\"mailto:adamrobert@vkdszsz.hu\">adamrobert@vkdszsz.hu<\/a><\/p>\n<p>&nbsp;<\/p>\n","protected":false},"excerpt":{"rendered":"<p>J\u00fanius 26-\u00e1n F\u00fcrjes-G\u00e1bor J\u00f3zsef, a VKDSZ eln\u00f6ke, a LIGA Szakszervezetek aleln\u00f6ke \u00e9s a VKDSZ \u00fcgyvezet\u0151je\u00a0 dr. M\u00e9sz\u00e1ros Melind\u00e1val tal\u00e1lkozott a LIGA sz\u00e9kh\u00e1zban. Szervezeti k\u00e9rd\u00e9sekkel foglalkoztak, a region\u00e1lis referensek munk\u00e1j\u00e1r\u00f3l \u00e9s a folyamatban l\u00e9v\u0151 GINOP p\u00e1ly\u00e1zat aktu\u00e1lis feladatair\u00f3l egyeztettek. 28-\u00e1n tartotta eln\u00f6ks\u00e9gi \u00fcl\u00e9s\u00e9t a VKDSZ. Els\u0151 napirendk\u00e9nt a F\u0151v\u00e1rosi V\u00edzm\u0171vek Zrt.\u00a0 Munkahelyi Szakszervezete Fel\u00fcgyel\u0151 Bizotts\u00e1g eln\u00f6k\u00e9vel&#8230;<\/p>\n","protected":false},"author":2,"featured_media":0,"comment_status":"closed","ping_status":"closed","sticky":false,"template":"","format":"standard","meta":{"footnotes":""},"categories":[16,5,12],"tags":[],"class_list":["post-1272","post","type-post","status-publish","format-standard","hentry","category-heti-hirek","category-hirek","category-kiemelt-hirek"],"_links":{"self":[{"href":"https:\/\/vkdszsz.hu\/index.php?rest_route=\/wp\/v2\/posts\/1272","targetHints":{"allow":["GET"]}}],"collection":[{"href":"https:\/\/vkdszsz.hu\/index.php?rest_route=\/wp\/v2\/posts"}],"about":[{"href":"https:\/\/vkdszsz.hu\/index.php?rest_route=\/wp\/v2\/types\/post"}],"author":[{"embeddable":true,"href":"https:\/\/vkdszsz.hu\/index.php?rest_route=\/wp\/v2\/users\/2"}],"replies":[{"embeddable":true,"href":"https:\/\/vkdszsz.hu\/index.php?rest_route=%2Fwp%2Fv2%2Fcomments&post=1272"}],"version-history":[{"count":1,"href":"https:\/\/vkdszsz.hu\/index.php?rest_route=\/wp\/v2\/posts\/1272\/revisions"}],"predecessor-version":[{"id":1273,"href":"https:\/\/vkdszsz.hu\/index.php?rest_route=\/wp\/v2\/posts\/1272\/revisions\/1273"}],"wp:attachment":[{"href":"https:\/\/vkdszsz.hu\/index.php?rest_route=%2Fwp%2Fv2%2Fmedia&parent=1272"}],"wp:term":[{"taxonomy":"category","embeddable":true,"href":"https:\/\/vkdszsz.hu\/index.php?rest_route=%2Fwp%2Fv2%2Fcategories&post=1272"},{"taxonomy":"post_tag","embeddable":true,"href":"https:\/\/vkdszsz.hu\/index.php?rest_route=%2Fwp%2Fv2%2Ftags&post=1272"}],"curies":[{"name":"wp","href":"https:\/\/api.w.org\/{rel}","templated":true}]}}