{"id":1348,"date":"2018-10-02T14:34:15","date_gmt":"2018-10-02T14:34:15","guid":{"rendered":"http:\/\/vkdszsz.hu\/?p=1348"},"modified":"2018-10-02T14:34:15","modified_gmt":"2018-10-02T14:34:15","slug":"38-39-het-2018-szeptember-vkdsz","status":"publish","type":"post","link":"https:\/\/vkdszsz.hu\/?p=1348","title":{"rendered":"38-39. h\u00e9t, 2018. szeptember, VKDSZ"},"content":{"rendered":"<p><strong>F\u00fcrd\u0151\u00e1gazat:<\/strong> Id\u00e9n okt\u00f3ber 13-\u00e1n tartj\u00e1k a Magyar F\u00fcrd\u0151kult\u00fara Napj\u00e1t. A neves napot 2008-ban a Magyar F\u00fcrd\u0151sz\u00f6vets\u00e9g hirdette meg, Marketing Szakbizotts\u00e1ga javaslat\u00e1ra.<\/p>\n<p>Ekkor minden \u00e9vben megeml\u00e9keznek a t\u00f6bb, mint ezer \u00e9vre visszatekint\u0151 f\u00fcrd\u0151kult\u00far\u00e1nk \u00e9rt\u00e9keir\u0151l, a hazai f\u00fcrd\u0151gy\u00f3gy\u00e1szat jeles szem\u00e9lyeir\u0151l.<\/p>\n<p>Ma m\u00e1r minden hazai f\u00fcrd\u0151 igyekszik csatlakozni a\u00a0 programhoz. Kedvezm\u00e9nyes bel\u00e9p\u0151kkel, kultur\u00e1lis \u00e9s zenei programokkal, \u00e9jszakai f\u00fcrd\u0151z\u00e9si lehet\u0151s\u00e9gek, rendezv\u00e9nyekkel v\u00e1rj\u00e1k az \u00e9rdekl\u0151d\u0151ket. A r\u00e9szletes programokr\u00f3l a F\u00fcrd\u0151sz\u00f6vets\u00e9g honlapj\u00e1n t\u00e1j\u00e9koz\u00f3dhatnak.<\/p>\n<p><strong>B\u00e1rtfai-Mager Andrea, a nemzeti vagyon kezel\u00e9s\u00e9\u00e9rt felel\u0151s t\u00e1rca n\u00e9lk\u00fcli miniszter:\u00a0 <\/strong>A t\u00e1rca n\u00e9lk\u00fcli miniszter asszony az \u00c1llami Sz\u00e1mvev\u0151sz\u00e9k J\u00f3 gyakorlatok \u201eF\u00f3kuszban: az \u00e1llami v\u00e1llalatok\u201d c\u00edm\u0171 konferenci\u00e1j\u00e1n tartott el\u0151ad\u00e1st: bemutatta az \u00e1llami portf\u00f3li\u00f3t, majd ismertette a Nemzeti Vagyon Kezel\u00e9s\u00e9\u00e9rt Felel\u0151s T\u00e1rca N\u00e9lk\u00fcli Miniszt\u00e9rium (NVTNM) portf\u00f3li\u00f3 ir\u00e1ny\u00edt\u00e1si modellj\u00e9t. Elmondta, hogy a c\u00e9l a szolg\u00e1ltat\u00e1si centraliz\u00e1ci\u00f3, tov\u00e1bb\u00e1 az \u00e1llami szerepv\u00e1llal\u00e1s er\u0151s\u00edt\u00e9se a teljesen energetikai vertikumban, azaz a villamos energia, a f\u00f6ldg\u00e1z valamint a t\u00e1vh\u0151 szolg\u00e1ltat\u00e1s ter\u00e9n is kiemelt c\u00e9l. A v\u00edzi k\u00f6zm\u0171 szolg\u00e1ltat\u00e1sok kapcs\u00e1n kiemelte, hogy a c\u00e9l az, hogy az orsz\u00e1g teljes ter\u00fclet\u00e9n egys\u00e9ges \u00e1ron lehessen v\u00edzhez jutni. Portf\u00f3li\u00f3 szeml\u00e9letben fogj\u00e1k ir\u00e1ny\u00edtani ezeknek a v\u00e1llalatoknak a m\u0171k\u00f6d\u00e9s\u00e9t. Lehet\u0151s\u00e9gk\u00e9nt eml\u00edtette a m\u0171k\u00f6d\u00e9si szinergi\u00e1k felt\u00e1r\u00e1s\u00e1t, a hat\u00e9konys\u00e1g n\u00f6vel\u00e9s\u00e9t, a megtakar\u00edt\u00e1sok \u00f6szt\u00f6nz\u00e9s\u00e9t.<\/p>\n<p><strong>Ifj\u00fas\u00e1gi Szakmai Nap: <\/strong>Tiszaf\u00fcreden tartotta meg \u00e9ves \u00f6sszej\u00f6vetel\u00e9t a VKDSZ Ifj\u00fas\u00e1gi Bizotts\u00e1ga. A rendezv\u00e9nyen 9 v\u00edzm\u0171 mintegy 50 munkat\u00e1rsa vett r\u00e9szt. A program elej\u00e9n szakmai el\u0151ad\u00e1sokat hallgattak meg a v\u00edztiszt\u00edt\u00e1s, a munkajog \u00e9s a szakszervezeti tagtoborz\u00e1s t\u00e9mak\u00f6reiben. A tov\u00e1bbiakban k\u00f6tetlen besz\u00e9lget\u00e9s zajlott r\u00e9szben az el\u0151ad\u00e1sok kapcs\u00e1n, r\u00e9szben pedig a sokakat foglalkoztat\u00f3 aktu\u00e1lis \u00e9rdekv\u00e9delmi k\u00e9rd\u00e9sek ter\u00fclet\u00e9n, mint pl. a cafeteria. Sz\u00f3 esett a VKDSZ m\u0171k\u00f6d\u00e9s\u00e9r\u0151l, terveir\u0151l \u00e9s az ifj\u00fas\u00e1g mind sz\u00e9lesebb k\u00f6r\u00e9nek bevon\u00e1s\u00e1r\u00f3l a szakszervezeti munk\u00e1ba \u00e9s az \u00e9rdekv\u00e9delmi vezet\u0151k k\u00f6z\u00e9. A rendezv\u00e9ny els\u0151 napja term\u00e9szetesen este j\u00f3 hangulat\u00fa zen\u00e9s kikapcsol\u00f3d\u00e1ssal \u00e9rt v\u00e9get. A m\u00e1snapi szabadt\u00e9ri programot a jelent\u0151s es\u0151 megakad\u00e1lyozta, de az el\u0151z\u0151 napi besz\u00e9lget\u00e9s folytat\u00e1s\u00e1t nem. Aki lemaradt az esem\u00e9nyr\u0151l, de kapcsol\u00f3dni k\u00edv\u00e1n az ifj\u00fa \u201evizesekhez\u201d, vegye fel a kapcsolatot J\u00e1ger J\u00e1nos bizotts\u00e1gi eln\u00f6kkel ( <a href=\"mailto:jager.j85@gmail.com\">jager.j85@gmail.com<\/a> ).<\/p>\n<p>&nbsp;<\/p>\n<p><strong>V\u00edzik\u00f6zm\u0171 \u00c1gazati P\u00e1rbesz\u00e9d Bizotts\u00e1g:<\/strong> A V\u00c1PB leadta idei t\u00e1mogat\u00e1si k\u00e9relm\u00e9t a P\u00e9nz\u00fcgyminiszt\u00e9rium \u00e1ltal ki\u00edrt felh\u00edv\u00e1sra. A V\u00c1PB-t alkot\u00f3 k\u00e9t szervezet &#8211; a Magyar V\u00edzik\u00f6zm\u0171 Sz\u00f6vets\u00e9g (MAV\u00cdZ) \u00e9s a VKDSZ &#8211; a t\u00e1mogat\u00e1si lehet\u0151s\u00e9gek (nemzetk\u00f6zi tagd\u00edjak, nemzetk\u00f6zi kapcsolatok) mindegyik\u00e9re beny\u00fajtott\u00e1k a sz\u00fcks\u00e9ges anyagokat, t\u00e1bl\u00e1zatokat. A k\u00e9t szervezet a programjaik ar\u00e1ny\u00e1ban osztotta fel a rendelkez\u00e9sre \u00e1ll\u00f3 keretet \u00e9s k\u00e9sz\u00edtette el a p\u00e1ly\u00e1zati anyagot. B\u00edzunk a t\u00e1mogat\u00e1si k\u00e9relmek pozit\u00edv elb\u00edr\u00e1l\u00e1s\u00e1ban.<\/p>\n<p>&nbsp;<\/p>\n<p><strong>F\u0151v\u00e1rosi Csatorn\u00e1z\u00e1si M\u0171vek Zrt. Munkahelyi Szakszervezete:<\/strong>\u00a0 A helyi szervezet szeptember elej\u00e9n\u00a0 paradicsoml\u00e9 akci\u00f3t szervezett, mely mindig nagy sikert arat a dolgoz\u00f3k k\u00f6r\u00e9ben. Az idei \u00e9vben 2 255 liter forr\u00f3 paradicsoml\u00e9t hoztak el Kecskem\u00e9tr\u0151l.<\/p>\n<p>Hasonl\u00f3an eredm\u00e9nyes volt a\u00a0 mak\u00f3i fokhagyma v\u00e1s\u00e1r, melyen 2\u00a0300 kg kiv\u00e1l\u00f3 min\u0151s\u00e9g\u0171 \u00e9s k\u00f6zel f\u00e9l\u00e1ron megszerzett fokhagyma fogyott el. Az aktivist\u00e1k a szakszervezeti irod\u00e1t, mint rakt\u00e1rb\u00e1zist haszn\u00e1lva szort\u00edrozt\u00e1k, cipelt\u00e9k, osztott\u00e1k a zs\u00e1kokat. A tekint\u00e9lyes mennyis\u00e9g\u0171 fokhagym\u00e1nak k\u00f6sz\u00f6nhet\u0151en &#8211; helyi h\u00edrforr\u00e1sok szerint &#8211; az iroda mindv\u00e9gig v\u00e1mp\u00edrmentes volt.<\/p>\n<p>Szeptember k\u00f6zep\u00e9n megrendezt\u00e9k a csal\u00e1di napot, mely a csal\u00e1dok minden tagj\u00e1nak kikapcsol\u00f3d\u00e1si lehet\u0151s\u00e9get ny\u00fajtott. A gyerekeket ugr\u00e1l\u00f3v\u00e1r, arcfest\u00e9s, csill\u00e1mtetk\u00f3, lufis, j\u00e1t\u00e9kos vet\u00e9lked\u0151 v\u00e1rta, a csal\u00e1dokat izgalmas sorverseny v\u00e1rta, mely ut\u00e1n laz\u00edt\u00f3 massz\u00e1zsra lehetett jelentkezni. D\u00e9lut\u00e1n a koll\u00e9g\u00e1kb\u00f3l \u00e1ll\u00f3 ASSZEM zenekar nyomta a rockzen\u00e9t. A helyi s\u00e9f-tanoncok f\u0151z\u0151versenyen m\u00e9rhett\u00e9k \u00f6ssze tud\u00e1sukat. A 11 bogr\u00e1csban f\u0151tt a guly\u00e1s levest\u0151l a csilisbabig minden, mi szem-sz\u00e1jnak ingere.<\/p>\n<p><strong>DRV Zrt Munkahelyi Szakszervezete:<\/strong> 270 f\u0151 szakszervezeti tag 365 f\u0151 gyermek\u00e9nek beiskol\u00e1z\u00e1s\u00e1t t\u00e1mogatta a VKDSZ DRV Zrt Munkahelyi Szakszervezete, melyre \u00f6sszesen 3.650.000.- Ft-ot ford\u00edtott.<\/p>\n<p><strong>\u00a0<\/strong><\/p>\n<p><strong>F\u0151v\u00e1rosi V\u00edzm\u0171vek<\/strong> <strong>Munkahelyi Szakszervezete<\/strong>: A 2018. szeptember 20-27. k\u00f6z\u00f6tt lezajlott elektronikus szavaz\u00e1s eredm\u00e9nyek\u00e9nt\u00a0 a munkahelyi szakszervezet eln\u00f6k\u00e9nek v\u00e1lasztott\u00e1k Kecsk\u00e9s K\u00e1rolyt, aleln\u00f6knek Sink\u00f3 Szilvi\u00e1t, gazdas\u00e1gi felel\u0151snek pedig Sz\u00e1va Dorotty\u00e1t. Minh\u00e1rom jel\u00f6lt csaknem 100 %-os szavazati ar\u00e1nnyal nyerte el a poz\u00edci\u00f3t. Gratul\u00e1lunk az \u00fajonnan megv\u00e1lasztott tiszts\u00e9gvisel\u0151knek \u00e9s munk\u00e1jukhoz sok sikert k\u00edv\u00e1nunk!<\/p>\n<p><strong>Zakopane: <\/strong>a VKDSZ Nyugd\u00edjas bizotts\u00e1ga kezdem\u00e9nyez\u00e9s\u00e9re, az Orsz\u00e1gos V\u00e1lasztm\u00e1ny \u00e9rdekl\u0151d\u0151 tagjaival kieg\u00e9sz\u00edtve lelkes szakszervezetis csapat indult Zakopane-be egy \u0151szeleji t\u00farara. A kellemes v\u00e9nasszonyok nyara helyett azonban h\u00f3sz\u00e1lling\u00f3z\u00e1s \u00e9s z\u00e9r\u00f3 alatti h\u0151m\u00e9rs\u00e9klet v\u00e1rta \u0151ket, ami azt\u00e1n szerencs\u00e9sen ragyog\u00f3 naps\u00fct\u00e9sre fordult. Az \u00fat lehet\u0151s\u00e9get adott az inform\u00e1ci\u00f3-gy\u0171jt\u00e9sre, az eszmecser\u00e9re, a szakmai vit\u00e1kra \u00e9s term\u00e9szetesen a kikapcsol\u00f3d\u00e1sra is.<\/p>\n<p>&nbsp;<\/p>\n<p>Tov\u00e1bbra is k\u00e9rj\u00fck a tagszervezeteket, hogy programjaikr\u00f3l, szervezeti v\u00e1ltoz\u00e1saikr\u00f3l \u00e9rtes\u00edts\u00e9k a Heti h\u00edrfolyamot, hogy \u00e9lm\u00e9nyeiket, eredm\u00e9nyeiket megoszthassuk a VKDSZ tags\u00e1g\u00e1val!<\/p>\n<p>&nbsp;<\/p>\n<p>&nbsp;<\/p>\n<p>\u00c1d\u00e1m R\u00f3bert J\u00e1nos<\/p>\n<p>\u00fcgyvezet\u0151<\/p>\n<p>06-30\/6401463<\/p>\n<p><a href=\"mailto:adamrobert@vkdszsz.hu\">adamrobert@vkdszsz.hu<\/a><\/p>\n","protected":false},"excerpt":{"rendered":"<p>F\u00fcrd\u0151\u00e1gazat: Id\u00e9n okt\u00f3ber 13-\u00e1n tartj\u00e1k a Magyar F\u00fcrd\u0151kult\u00fara Napj\u00e1t. A neves napot 2008-ban a Magyar F\u00fcrd\u0151sz\u00f6vets\u00e9g hirdette meg, Marketing Szakbizotts\u00e1ga javaslat\u00e1ra. Ekkor minden \u00e9vben megeml\u00e9keznek a t\u00f6bb, mint ezer \u00e9vre visszatekint\u0151 f\u00fcrd\u0151kult\u00far\u00e1nk \u00e9rt\u00e9keir\u0151l, a hazai f\u00fcrd\u0151gy\u00f3gy\u00e1szat jeles szem\u00e9lyeir\u0151l. Ma m\u00e1r minden hazai f\u00fcrd\u0151 igyekszik csatlakozni a\u00a0 programhoz. Kedvezm\u00e9nyes bel\u00e9p\u0151kkel, kultur\u00e1lis \u00e9s zenei programokkal, \u00e9jszakai f\u00fcrd\u0151z\u00e9si&#8230;<\/p>\n","protected":false},"author":1,"featured_media":0,"comment_status":"closed","ping_status":"closed","sticky":false,"template":"","format":"standard","meta":{"footnotes":""},"categories":[16,5,12],"tags":[],"class_list":["post-1348","post","type-post","status-publish","format-standard","hentry","category-heti-hirek","category-hirek","category-kiemelt-hirek"],"_links":{"self":[{"href":"https:\/\/vkdszsz.hu\/index.php?rest_route=\/wp\/v2\/posts\/1348","targetHints":{"allow":["GET"]}}],"collection":[{"href":"https:\/\/vkdszsz.hu\/index.php?rest_route=\/wp\/v2\/posts"}],"about":[{"href":"https:\/\/vkdszsz.hu\/index.php?rest_route=\/wp\/v2\/types\/post"}],"author":[{"embeddable":true,"href":"https:\/\/vkdszsz.hu\/index.php?rest_route=\/wp\/v2\/users\/1"}],"replies":[{"embeddable":true,"href":"https:\/\/vkdszsz.hu\/index.php?rest_route=%2Fwp%2Fv2%2Fcomments&post=1348"}],"version-history":[{"count":1,"href":"https:\/\/vkdszsz.hu\/index.php?rest_route=\/wp\/v2\/posts\/1348\/revisions"}],"predecessor-version":[{"id":1349,"href":"https:\/\/vkdszsz.hu\/index.php?rest_route=\/wp\/v2\/posts\/1348\/revisions\/1349"}],"wp:attachment":[{"href":"https:\/\/vkdszsz.hu\/index.php?rest_route=%2Fwp%2Fv2%2Fmedia&parent=1348"}],"wp:term":[{"taxonomy":"category","embeddable":true,"href":"https:\/\/vkdszsz.hu\/index.php?rest_route=%2Fwp%2Fv2%2Fcategories&post=1348"},{"taxonomy":"post_tag","embeddable":true,"href":"https:\/\/vkdszsz.hu\/index.php?rest_route=%2Fwp%2Fv2%2Ftags&post=1348"}],"curies":[{"name":"wp","href":"https:\/\/api.w.org\/{rel}","templated":true}]}}