{"id":1388,"date":"2019-03-12T12:54:27","date_gmt":"2019-03-12T12:54:27","guid":{"rendered":"http:\/\/vkdszsz.hu\/?p=1388"},"modified":"2019-03-12T12:54:28","modified_gmt":"2019-03-12T12:54:28","slug":"9-10-het-2019-februar-marcius-vkdsz","status":"publish","type":"post","link":"https:\/\/vkdszsz.hu\/?p=1388","title":{"rendered":"9-10. h\u00e9t, 2019. febru\u00e1r-m\u00e1rcius, VKDSZ"},"content":{"rendered":"\n<p><strong>Baranyav\u00edz Zrt. MSZ:<\/strong>&nbsp; A BaranyaV\u00edz\nZrt. Munkahelyi Szakszervezet\u00e9nek 2019. febru\u00e1r 27-i taggy\u0171l\u00e9se eln\u00f6knek\nv\u00e1lasztotta Ga\u00e1l Fruzsin\u00e1t. El\u0151dje k\u00f6zel egy \u00e9ve mondott le m\u00e1s munkahelyre t\u00e1voz\u00e1sa\nmiatt. Alkalmas \u00e9s a tiszts\u00e9get illetve a vele j\u00e1r\u00f3 feladatot elv\u00e1llal\u00f3\nszem\u00e9lyt csak most tal\u00e1ltak. Gratul\u00e1lunk az \u00faj eln\u00f6knek \u00e9s sikeres munk\u00e1t\nk\u00edv\u00e1nunk!<br>\n<br>\n<strong>VKDSZ\n<\/strong><strong>Orsz\u00e1gos\nV\u00e1lasztm\u00e1nyi&nbsp; \u00fcl\u00e9s:<\/strong>\nFebru\u00e1r 27.-i&nbsp; tartotta meg \u00fcl\u00e9s\u00e9t a\nVKDSZ Orsz\u00e1gos V\u00e1lasztm\u00e1nya. &nbsp;Az \u00f6t \u00e9ves\nciklus utols\u00f3 norm\u00e1l \u00fcl\u00e9s\u00e9n meghallgatt\u00e1k a V\u00e1laszt\u00e1si Bizotts\u00e1g besz\u00e1mol\u00f3j\u00e1t a\n2019. m\u00e1rcius 26-i tiszt\u00faj\u00edt\u00f3 orsz\u00e1gos \u00e9rtekezlet&nbsp; jel\u00f6lt\u00e1ll\u00edt\u00e1s\u00e1r\u00f3l. \u00c9l\u00e9nk vita alakult ki a\nny\u00edlt vagy titkos szavaz\u00e1s alkalmaz\u00e1s\u00e1r\u00f3l a tiszt\u00faj\u00edt\u00e1s sor\u00e1n, illetve annak\ntechnikai kivitelez\u00e9s\u00e9r\u0151l is, hiszen a szavaz\u00f3k \u2013 a tagl\u00e9tsz\u00e1m f\u00fcggv\u00e9ny\u00e9ben \u2013\nm\u00e1s-m\u00e1s mand\u00e1tum sz\u00e1mmal rendelkeznek, \u00edgy a mand\u00e1tumokkal egy\u00fctt vagy\negyenk\u00e9nt is szavazhatnak elvileg. <\/p>\n\n\n\n<p>T\u00e1rgyaltak a\ntiszt\u00faj\u00edt\u00f3 \u00fcl\u00e9s szervez\u00e9si feladatair\u00f3l, forgat\u00f3k\u00f6nyv\u00e9r\u0151l \u00e9s a 30 \u00e9ves\n\u00e9vfordul\u00f3 alkalm\u00e1b\u00f3l rendezend\u0151 \u00fcnnepi tal\u00e1lkoz\u00f3r\u00f3l. &nbsp;Elfogadt\u00e1k a 2018. \u00e9vi p\u00e9nz\u00fcgyi besz\u00e1mol\u00f3t,\nm\u00e9rleget \u00e9s a 2019. \u00e9vi k\u00f6lts\u00e9gvet\u00e9si tervet. \u00c1ttekintett\u00e9k&nbsp; a&nbsp;\nVKDSZ&nbsp;&nbsp; 5 \u00e9ves szervezeti&nbsp; tev\u00e9kenys\u00e9g\u00e9r\u0151l, gazdas\u00e1gi m\u0171k\u00f6d\u00e9s\u00e9r\u0151l sz\u00f3l\u00f3\nbesz\u00e1mol\u00f3kat \u00e9s a k\u00f6vetkez\u0151 ciklus programterv\u00e9t. Elfogadt\u00e1k a r\u00e9tegbizotts\u00e1gok\nbesz\u00e1mol\u00f3it, a Fel\u00fcgyel\u0151 Bizotts\u00e1g \u00e9s az Orsz\u00e1gos Sz\u00e1mvizsg\u00e1l\u00f3 Bizotts\u00e1g\njelent\u00e9seit. Elfogadtak 15 Ft\/h\u00f3\/f\u0151 tagd\u00edjemel\u00e9st, mellyel egy\u00fctt az elm\u00falt t\u00edz\n\u00e9vre vonatkoz\u00f3an \u00e9vi 3 Ft\/f\u0151\/h\u00f3 tagd\u00edjemel\u00e9s jutott. Elfogadt\u00e1k a\nSzakszervezeti munk\u00e1\u00e9rt \u00e9s az \u00c9v szakszervezeti vezet\u0151je elismer\u00e9sekre \u00e9rkezett\njavaslatokat. D\u00f6nt\u00f6ttek a kit\u00fcntetettek szem\u00e9ly\u00e9r\u0151l. <\/p>\n\n\n\n<p><strong>B\u00e9rkompenz\u00e1ci\u00f3s megbesz\u00e9l\u00e9s a Minisztereln\u00f6ks\u00e9gen:<\/strong>\nAz Orsz\u00e1gos V\u00e1lasztm\u00e1nyi \u00fcl\u00e9ssel egyid\u0151ben a LIGA \u00e9s a VKDSZ eln\u00f6kei a\nMinisztereln\u00f6ks\u00e9gen t\u00e1rgyaltak a Guly\u00e1s Gergelynek \u00edrt lev\u00e9l alapj\u00e1n (l\u00e1sd HH\n28-29. sz\u00e1m \u00e9s az el\u0151z\u0151 sz\u00e1m).&nbsp; &nbsp;A t\u00e9ma az \u00e1gazat \u00e1ltal\u00e1nos helyzete, a\nmunkav\u00e1llal\u00f3k munkak\u00f6r\u00fclm\u00e9nyei \u00e9s b\u00e9rhelyzete voltak. Az ezzel kapcsolatban\nk\u00e9sz\u00fclt anyagot ismertett\u00e9k a szakszervezeti deleg\u00e1ltak. &nbsp;A VKDSZ c\u00e9lja volt, hogy egy megfelel\u0151en\nkidolgozott anyagban t\u00e1j\u00e9koztassanak az &nbsp;\u00e1gazat b\u00e9rhelyzet\u00e9r\u0151l, az \u00f6nkorm\u00e1nyzati\ntulajdon\u00fa t\u00e1rsas\u00e1gok b\u00e9rkompenz\u00e1ci\u00f3s ig\u00e9ny\u00e9r\u0151l, s arr\u00f3l, hogy a t\u00f6bbs\u00e9gi \u00e1llami\ntulajdon\u00fa t\u00e1rsas\u00e1gokn\u00e1l is probl\u00e9m\u00e1kat okoz a b\u00e9rtorl\u00f3d\u00e1s, elv\u00e1ndorl\u00e1s. A\nmegbesz\u00e9l\u00e9sen felek elfogadt\u00e1k, hogy szak\u00e9rt\u0151i bizotts\u00e1gi szinten (term\u00e9szetesen\na VKDSZ \u00e9s a munkaad\u00f3k r\u00e9szv\u00e9tel\u00e9vel) folytatj\u00e1k a helyzetelemz\u00e9st \u00e9s k\u00f6z\u00f6sen\nkeresnek megold\u00e1sokat a f\u00f6lmer\u00fclt szakszervezeti ig\u00e9nyekre. <\/p>\n\n\n\n<p><strong>Tov\u00e1bbra is\nk\u00e9rj\u00fck a tagszervezeteket<\/strong>, hogy\nprogramjaikr\u00f3l, szervezeti v\u00e1ltoz\u00e1saikr\u00f3l \u00e9rtes\u00edts\u00e9k a Heti h\u00edrfolyamot, hogy\n\u00e9lm\u00e9nyeiket, eredm\u00e9nyeiket megoszthassuk a VKDSZ tags\u00e1g\u00e1val!<\/p>\n\n\n\n<p>\u00c1d\u00e1m R\u00f3bert J\u00e1nos<\/p>\n\n\n\n<p>\u00fcgyvezet\u0151\n\n06-30\/6401463\n\n\n\n<\/p>\n","protected":false},"excerpt":{"rendered":"<p>Baranyav\u00edz Zrt. MSZ:&nbsp; A BaranyaV\u00edz Zrt. Munkahelyi Szakszervezet\u00e9nek 2019. febru\u00e1r 27-i taggy\u0171l\u00e9se eln\u00f6knek v\u00e1lasztotta Ga\u00e1l Fruzsin\u00e1t. El\u0151dje k\u00f6zel egy \u00e9ve mondott le m\u00e1s munkahelyre t\u00e1voz\u00e1sa miatt. Alkalmas \u00e9s a tiszts\u00e9get illetve a vele j\u00e1r\u00f3 feladatot elv\u00e1llal\u00f3 szem\u00e9lyt csak most tal\u00e1ltak. Gratul\u00e1lunk az \u00faj eln\u00f6knek \u00e9s sikeres munk\u00e1t k\u00edv\u00e1nunk! VKDSZ Orsz\u00e1gos V\u00e1lasztm\u00e1nyi&nbsp; \u00fcl\u00e9s: Febru\u00e1r 27.-i&nbsp; tartotta&#8230;<\/p>\n","protected":false},"author":1,"featured_media":0,"comment_status":"closed","ping_status":"closed","sticky":true,"template":"","format":"standard","meta":{"footnotes":""},"categories":[16,5],"tags":[],"class_list":["post-1388","post","type-post","status-publish","format-standard","hentry","category-heti-hirek","category-hirek"],"_links":{"self":[{"href":"https:\/\/vkdszsz.hu\/index.php?rest_route=\/wp\/v2\/posts\/1388","targetHints":{"allow":["GET"]}}],"collection":[{"href":"https:\/\/vkdszsz.hu\/index.php?rest_route=\/wp\/v2\/posts"}],"about":[{"href":"https:\/\/vkdszsz.hu\/index.php?rest_route=\/wp\/v2\/types\/post"}],"author":[{"embeddable":true,"href":"https:\/\/vkdszsz.hu\/index.php?rest_route=\/wp\/v2\/users\/1"}],"replies":[{"embeddable":true,"href":"https:\/\/vkdszsz.hu\/index.php?rest_route=%2Fwp%2Fv2%2Fcomments&post=1388"}],"version-history":[{"count":1,"href":"https:\/\/vkdszsz.hu\/index.php?rest_route=\/wp\/v2\/posts\/1388\/revisions"}],"predecessor-version":[{"id":1389,"href":"https:\/\/vkdszsz.hu\/index.php?rest_route=\/wp\/v2\/posts\/1388\/revisions\/1389"}],"wp:attachment":[{"href":"https:\/\/vkdszsz.hu\/index.php?rest_route=%2Fwp%2Fv2%2Fmedia&parent=1388"}],"wp:term":[{"taxonomy":"category","embeddable":true,"href":"https:\/\/vkdszsz.hu\/index.php?rest_route=%2Fwp%2Fv2%2Fcategories&post=1388"},{"taxonomy":"post_tag","embeddable":true,"href":"https:\/\/vkdszsz.hu\/index.php?rest_route=%2Fwp%2Fv2%2Ftags&post=1388"}],"curies":[{"name":"wp","href":"https:\/\/api.w.org\/{rel}","templated":true}]}}