{"id":1414,"date":"2019-04-01T06:05:56","date_gmt":"2019-04-01T06:05:56","guid":{"rendered":"http:\/\/vkdszsz.hu\/?p=1414"},"modified":"2019-04-01T06:19:12","modified_gmt":"2019-04-01T06:19:12","slug":"11-12-het-2019-marcius-vkdsz","status":"publish","type":"post","link":"https:\/\/vkdszsz.hu\/?p=1414","title":{"rendered":"11-12. h\u00e9t, 2019. m\u00e1rcius, VKDSZ"},"content":{"rendered":"\n<p class=\"parmargin\"><strong>VKDSZ tiszt\u00faj\u00edt\u00e1s :<\/strong> A m\u00e1rcius 26.-\u00e1n 30 \u00e9ves VKDSZ ugyanezen a napon\nmegtartotta tiszt\u00faj\u00edt\u00f3 Orsz\u00e1gos V\u00e1lasztm\u00e1nyi \u00fcl\u00e9s\u00e9t. Az esem\u00e9ny \u00fcnnepi megeml\u00e9kez\u00e9ssel\nkezd\u0151d\u00f6tt, melyet az elm\u00falt 5 \u00e9v \u00e9rt\u00e9kel\u00e9se \u00e9s az elk\u00f6vetkez\u0151 5 \u00e9v terveinek\nmegvitat\u00e1sa k\u00f6vetett. K\u00f6sz\u00f6nt\u00f6tte a megjelenteket a LIGA Szakszervezetek eln\u00f6ke,\ndr. M\u00e9sz\u00e1ros Melinda is, &nbsp;valamint dr.\nF\u00f3nagy J\u00e1nos miniszterhelyettes k\u00e9pviselet\u00e9ben dr. Urb\u00e1n Erika vezet\u0151\nf\u0151tan\u00e1csos asszony is megtisztelte jelenl\u00e9t\u00e9vel \u2013 t\u00f6bb c\u00e9g vez\u00e9rigazgat\u00f3j\u00e1val\negy\u00fctt- a rendezv\u00e9nyt. <\/p>\n\n\n\n<p>A sz\u00f6vets\u00e9g \u00e9let\u00e9ben kiemelten fontos esem\u00e9nyen a teljes vezet\u00e9st \u00fajra v\u00e1lasztott\u00e1k. Az eln\u00f6k ism\u00e9t F\u00fcrjes-G\u00e1bor J\u00f3zsef lett. Aleln\u00f6knek a vizes \u00e1gazatban Gy\u00f6rgy Attil\u00e1t, a f\u00fcrd\u0151s \u00e1gazatban Szikra Zsoltot v\u00e1lasztott\u00e1k. Megtartott\u00e1k hely\u00fcket az eln\u00f6ks\u00e9gben: Bende Fl\u00f3ra, Gyetvai \u00c9va, Nagy Zolt\u00e1n, \u00d6lveti L\u00e1szl\u00f3n\u00e9, Pint\u00e9r Lajos \u00e9s Szab\u00f3 Antal. \u00daj tagk\u00e9nt ker\u00fclt be a f\u00fcrd\u0151s \u00e1gazatb\u00f3l: B\u0151sze Tam\u00e1s, a F\u0151v\u00e1rosi V\u00edzm\u0171 MSZ k\u00e9pviselet\u00e9ben pedig: Kecsk\u00e9s K\u00e1roly. <\/p>\n\n\n\n<p>A\nFel\u00fcgyel\u0151 Bizotts\u00e1gba Csisz\u00e1r J\u00e1nost, Misk\u00e9ri L\u00e1szl\u00f3t \u00e9s Orosz J\u00f3zsef Zsoltot,\nm\u00edg a Sz\u00e1mvizsg\u00e1l\u00f3 Bizotts\u00e1gba Reg\u00e9nyi Tam\u00e1s Zsoltn\u00e9t, Sipos-Szab\u00f3 Zolt\u00e1nn\u00e9t \u00e9s\nTramfeld Attil\u00e1n\u00e9t v\u00e1lasztott\u00e1k. <\/p>\n\n\n\n<p>A jubileumi V\u00e1lasztm\u00e1nyi \u00fcl\u00e9s kit\u00fcntet\u00e9sek \u00e1tad\u00e1s\u00e1val\nz\u00e1rult. A&nbsp; VKDSZ &nbsp;&nbsp;IV. kongresszusa a szakszervezeti\n\u00e9rdekv\u00e9delmi, munk\u00e1ban v\u00e9gzett kimagasl\u00f3 sz\u00ednvonal\u00fa tev\u00e9kenys\u00e9g elismer\u00e9se\nc\u00e9lj\u00e1b\u00f3l szakszervezeti munk\u00e1\u00e9rt kit\u00fcntet\u00e9st, m\u00edg Zs\u00edros S\u00e1ndor, a VKDSZ volt\ntitk\u00e1ra pedig &nbsp;\u201eAz \u00e9v szakszervezeti\nvezet\u0151je\u201d d\u00edjat alap\u00edtott. Ez ut\u00f3bbiban &nbsp;2019-ben: Orosz J\u00f3zsef Zsolt (MIV\u00cdZ Kft.) r\u00e9szes\u00fclt.\n\u201eSzakszervezeti munk\u00e1\u00e9rt\u201d kit\u00fcntet\u00e9st 2019-ben: T\u00f3th Istv\u00e1nn\u00e9 (FCSM Zrt.),\nFeh\u00e9r Szilvai (Tettye-Forr\u00e1sh\u00e1z Zrt.), Orod\u00e1nn\u00e9 Pusztai Eszter (Alf\u00f6ldv\u00edz\nZrt.), K\u00e1poszta S\u00e1ndor (\u00c9RV Zrt.), Holb\u00e1n\u00e9 Cseh Erzs\u00e9bet ( TRV Zrt. ), Balogh\nImr\u00e9n\u00e9 (\u00c9rd \u00e9s T\u00e9rs\u00e9ge V\u00edzik\u00f6zm\u0171 Kft.), Ill\u00e9s Tam\u00e1s (DRV Zrt.), Tompa Gy\u00f6ngyi (Ny\u00edrs\u00e9gv\u00edz\nZrt.), Erd\u0151di J\u00e1nosn\u00e9 (Zalav\u00edz Zrt.), Adami L\u00e1szl\u00f3 (F\u0151v\u00e1rosi V\u00edzm\u0171vek Zrt.), Gyetvai\n\u00c9va (FCSM Zrt.), Cserti Rita (DZV\u00cdZ Zrt.), Burkus Andrea (MIV\u00cdZ Kft.)\nr\u00e9szes\u00fclt. A \u201eSzakszervezeti munk\u00e1\u00e9rt\u201d elismer\u00e9st posztumusz Ifj\u00fa Peterle\nIstv\u00e1n kapta meg. <\/p>\n\n\n\n<p><\/p>\n\n\n\n<p class=\"parmargin\"><strong>Magyar F\u00fcrd\u0151sz\u00f6vets\u00e9g: <\/strong>A Magyar F\u00fcrd\u0151sz\u00f6vets\u00e9g m\u00e1rcius 13-\u00e1n, a kis\u00fajsz\u00e1ll\u00e1si Kum\u00e1nia Gy\u00f3gy- \u00e9s Strandf\u00fcrd\u0151 ter\u00fclet\u00e9ntartotta meg v\u00e1lasztm\u00e1nyi \u00fcl\u00e9s\u00e9t, ahol sok t\u00e9ma megvitat\u00e1sa mellett \u00a0d\u00f6nt\u00e9s sz\u00fcletett a soron k\u00f6vetkez\u0151 tavaszi k\u00f6zgy\u0171l\u00e9s helysz\u00edn\u00e9r\u0151l \u00e9s id\u0151pontj\u00e1r\u00f3l is. A k\u00f6zgy\u0171l\u00e9st 2019. m\u00e1jus 14-15-\u00e9n tartj\u00e1k a balatonf\u00fcredi Hotel Annabell\u00e1ban. Fontos t\u00e9ma volt az OEP \u00e1rt\u00e1rgyal\u00e1sok megnyit\u00e1sa \u00e9s a f\u00fcrd\u0151gy\u00f3gy\u00e1szati kezel\u00e9sek finansz\u00edroz\u00e1si reformja is. Term\u00e9szetesen az el\u0151z\u0151 \u00e9vi k\u00f6lts\u00e9gvet\u00e9s \u00e9s m\u00e9rleg elfogad\u00e1sa, valamint a 2019. \u00e9vi tervek is megvitat\u00e1sra \u00e9s elfogad\u00e1sra ker\u00fcltek. <\/p>\n\n\n\n<p>A v\u00e1lasztm\u00e1nyi \u00fcl\u00e9st a Hum\u00e1ner\u0151forr\u00e1s,\u00a0 \u00e9s a\u00a0 Marketing \u00e9s Wellness ad hoc szakbizotts\u00e1gok \u00f6sszevont \u00fcl\u00e9se el\u0151zte meg. A marketing szakbizotts\u00e1g a 2019. \u00e9vi marketing tervet vitatta meg, m\u00edg a\u00a0 Hum\u00e1n \u00e9s a Wellness Szakbizotts\u00e1g &#8211; a meg\u00fajul\u00e1s szellem\u00e9ben szolg\u00e1ltat\u00e1si szeml\u00e9lettel k\u00f6zel\u00edtve &#8211; k\u00e9t fontos k\u00e9rd\u00e9st t\u00e1rgyalt: a k\u00f6zf\u00fcrd\u0151k l\u00e9tes\u00edt\u00e9s\u00e9nek \u00e9s \u00fczemeltet\u00e9s\u00e9nek k\u00f6zeg\u00e9szs\u00e9g\u00fcgyi felt\u00e9teleir\u0151l\u00a0 sz\u00f3l\u00f3 37\/1996. NM rendeletet \u00e9s egy a f\u00fcrd\u0151k h\u00e1zirendj\u00e9t \u00e9rint\u0151 el\u0151terjeszt\u00e9st.<\/p>\n\n\n\n<p class=\"parmargin\"><strong>EPSU:<\/strong> <a>\u00a0Az EPSU (Eur\u00f3pai K\u00f6zszolg\u00e1ltat\u00e1si Szakszervezetek Sz\u00f6vets\u00e9ge) id\u00e9n tartja kongresszus\u00e1t Dublinban. A k\u00f6vetkez\u0151 ciklusra jel\u00f6l\u00e9seket k\u00e9rtek be, melyre a magyarorsz\u00e1gi EPSU-tag szakszervezetek az al\u00e1bbi jel\u00f6l\u00e9seket tett\u00e9k: V\u00e9grehajt\u00f3 Bizotts\u00e1gi tag: Pincz\u00e9s Ern\u0151 tag, helyettese: Bende Fl\u00f3ra VKDSZ . Eg\u00e9szs\u00e9g\u00fcgyi- \u00e9s Szoci\u00e1lis Bizotts\u00e1g: Sz\u0171cs Vikt\u00f3ria, L\u0151rincz No\u00e9mi, Helyi- \u00e9s Region\u00e1lis \u00d6nkorm\u00e1nyzati Bizotts\u00e1g: Kir\u00e1ly Andr\u00e1s tag, helyettese: \u00c1d\u00e1m R\u00f3bert J\u00e1nos (VKDSZ), a Nemzeti \u00e9s Eur\u00f3pai K\u00f6zszf\u00e9ra Bizotts\u00e1g: Dobrovits Orsolya, V\u00e9ber J\u00e1nos, K\u00f6zm\u0171 Szakbizotts\u00e1g: Pincz\u00e9s Ern\u0151 tag, helyettese: \u00c1d\u00e1m R\u00f3bert J\u00e1nos (VKDSZ). Az 5 tagszervezet jel\u00f6ltjei k\u00f6z\u00f6tt megjel\u00f6lt VKDSZ k\u00e9pvisel\u0151k az elm\u00falt ciklusban is ezt a poz\u00edci\u00f3t t\u00f6lt\u00f6tt\u00e9k be.<\/a><\/p>\n\n\n\n<p><a> <\/a><\/p>\n\n\n\n<p class=\"parmargin\"><strong>Alap\u00edtv\u00e1ny:<\/strong> \u00dcl\u00e9sezett a VKDSZ Szoci\u00e1lis \u00e9s Oktat\u00e1si Alap\u00edtv\u00e1nya kurat\u00f3riuma. Az \u00fcl\u00e9sen a p\u00e9nz\u00fcgyi besz\u00e1mol\u00f3val valamint a 2018. \u00e9vi m\u00e9rleg elfogad\u00e1s\u00e1val \u00e9s a 2019. \u00e9vi tervekkel foglalkoztak. Kiemelt fontoss\u00e1g\u00fanak \u00edt\u00e9lt\u00e9k, hogy az 1 %-os kamp\u00e1nyt a VKDSZ seg\u00edts\u00e9g\u00e9vel tov\u00e1bb folytass\u00e1k. Az \u00edgy befolyt \u00f6sszeg nagyban seg\u00edti a m\u0171k\u00f6dtetett t\u00e1mogat\u00e1si rendszereket. Az Alap\u00edtv\u00e1ny adatai az 1 % juttat\u00e1shoz: VKDSZ Szoci\u00e1lis \u00e9s Oktat\u00e1si Alap\u00edtv\u00e1ny, ad\u00f3sz\u00e1m: 18036400-1-42 . K\u00e9rj\u00fck a t\u00e1mogat\u00e1st!!<\/p>\n\n\n\n<p><\/p>\n\n\n\n<p class=\"parmargin\"><strong>Bizalom Nyugd\u00edjp\u00e9nzt\u00e1r:<\/strong> \u00dcl\u00e9st tartott az id\u00e9n 25 \u00e9ves a Bizalom Nyugd\u00edjp\u00e9nzt\u00e1r Igazgat\u00f3tan\u00e1csa. Megt\u00e1rgyalt\u00e1k az elm\u00falt \u00e9v eredm\u00e9nyeit \u00e9s el\u0151k\u00e9sz\u00edtett\u00e9k a soron k\u00f6vetkez\u0151, jubileumi k\u00fcld\u00f6ttk\u00f6zgy\u0171l\u00e9st. 2018-ban &#8211; k\u00fcl\u00f6n\u00f6sen az \u00e9v els\u0151 fel\u00e9ben tapasztalhat\u00f3 folyamatok miatt &#8211; a nyugd\u00edjp\u00e9nzt\u00e1rak (is) a kor\u00e1bbi \u00e9vekkel ellent\u00e9tben kism\u00e9rt\u00e9k\u0171 vesztes\u00e9get voltak k\u00e9nytelenek elszenvedni. <\/p>\n\n\n\n<p>Egy-egy\nrosszabb hozam\u00fa \u00e9v visszaes\u00e9s\u00e9t hosszabb t\u00e1von v\u00e1rhat\u00f3an kiegyenl\u00edtik az \u00e1tlag\nfeletti esztend\u0151k. J\u00f3l mutatj\u00e1k ezt az \u00d6nk\u00e9ntes Nyugd\u00edjp\u00e9nzt\u00e1rak 10 \u00e9s 15 \u00e9ves\n\u00e1tlagos nett\u00f3 hozamr\u00e1t\u00e1i, ezekb\u0151l l\u00e1that\u00f3, hogy a p\u00e9nzt\u00e1rak kifejezetten j\u00f3l,\naz infl\u00e1ci\u00f3t b\u0151ven meghalad\u00f3an teljes\u00edtettek \u00e9s hossz\u00fa t\u00e1von magas hozamokkal\ngyarap\u00edtott\u00e1k tagjaik nyugd\u00edjc\u00e9l\u00fa megtakar\u00edt\u00e1s\u00e1t.<\/p>\n\n\n\n<p><\/p>\n\n\n\n<p class=\"parmargin\"><strong>Az elm\u00falt 10 \u00e9vben portf\u00f3li\u00f3t\u00f3l f\u00fcgg\u0151en 4-5 sz\u00e1zal\u00e9k infl\u00e1ci\u00f3 feletti re\u00e1lhozamot \u00e9rtek el. R\u00e9szletesebb adatok a VKDSZ honlapj\u00e1n tal\u00e1lhat\u00f3ak. <\/strong><a rel=\"noreferrer noopener\" href=\"https:\/\/vkdszsz.hu\/\" target=\"_blank\">https:\/\/vkdszsz.hu\/<\/a> <\/p>\n\n\n\n<p class=\"parmargin\"><strong>Tov\u00e1bbra is k\u00e9rj\u00fck a tagszervezeteket<\/strong>, hogy programjaikr\u00f3l, szervezeti v\u00e1ltoz\u00e1saikr\u00f3l \u00e9rtes\u00edts\u00e9k a Heti h\u00edrfolyamot, hogy \u00e9lm\u00e9nyeiket, eredm\u00e9nyeiket megoszthassuk a VKDSZ tags\u00e1g\u00e1val!<\/p>\n\n\n\n<p class=\"parmargin\">\u00c1d\u00e1m R\u00f3bert J\u00e1nos<\/p>\n\n\n\n<p>\u00fcgyvezet\u0151<\/p>\n\n\n\n<p>06-30\/6401463<\/p>\n","protected":false},"excerpt":{"rendered":"<p>VKDSZ tiszt\u00faj\u00edt\u00e1s : A m\u00e1rcius 26.-\u00e1n 30 \u00e9ves VKDSZ ugyanezen a napon megtartotta tiszt\u00faj\u00edt\u00f3 Orsz\u00e1gos V\u00e1lasztm\u00e1nyi \u00fcl\u00e9s\u00e9t. Az esem\u00e9ny \u00fcnnepi megeml\u00e9kez\u00e9ssel kezd\u0151d\u00f6tt, melyet az elm\u00falt 5 \u00e9v \u00e9rt\u00e9kel\u00e9se \u00e9s az elk\u00f6vetkez\u0151 5 \u00e9v terveinek megvitat\u00e1sa k\u00f6vetett. K\u00f6sz\u00f6nt\u00f6tte a megjelenteket a LIGA Szakszervezetek eln\u00f6ke, dr. M\u00e9sz\u00e1ros Melinda is, &nbsp;valamint dr. F\u00f3nagy J\u00e1nos miniszterhelyettes k\u00e9pviselet\u00e9ben dr. Urb\u00e1n&#8230;<\/p>\n","protected":false},"author":1,"featured_media":0,"comment_status":"closed","ping_status":"closed","sticky":false,"template":"","format":"standard","meta":{"footnotes":""},"categories":[16,5],"tags":[],"class_list":["post-1414","post","type-post","status-publish","format-standard","hentry","category-heti-hirek","category-hirek"],"_links":{"self":[{"href":"https:\/\/vkdszsz.hu\/index.php?rest_route=\/wp\/v2\/posts\/1414","targetHints":{"allow":["GET"]}}],"collection":[{"href":"https:\/\/vkdszsz.hu\/index.php?rest_route=\/wp\/v2\/posts"}],"about":[{"href":"https:\/\/vkdszsz.hu\/index.php?rest_route=\/wp\/v2\/types\/post"}],"author":[{"embeddable":true,"href":"https:\/\/vkdszsz.hu\/index.php?rest_route=\/wp\/v2\/users\/1"}],"replies":[{"embeddable":true,"href":"https:\/\/vkdszsz.hu\/index.php?rest_route=%2Fwp%2Fv2%2Fcomments&post=1414"}],"version-history":[{"count":7,"href":"https:\/\/vkdszsz.hu\/index.php?rest_route=\/wp\/v2\/posts\/1414\/revisions"}],"predecessor-version":[{"id":1423,"href":"https:\/\/vkdszsz.hu\/index.php?rest_route=\/wp\/v2\/posts\/1414\/revisions\/1423"}],"wp:attachment":[{"href":"https:\/\/vkdszsz.hu\/index.php?rest_route=%2Fwp%2Fv2%2Fmedia&parent=1414"}],"wp:term":[{"taxonomy":"category","embeddable":true,"href":"https:\/\/vkdszsz.hu\/index.php?rest_route=%2Fwp%2Fv2%2Fcategories&post=1414"},{"taxonomy":"post_tag","embeddable":true,"href":"https:\/\/vkdszsz.hu\/index.php?rest_route=%2Fwp%2Fv2%2Ftags&post=1414"}],"curies":[{"name":"wp","href":"https:\/\/api.w.org\/{rel}","templated":true}]}}