{"id":1496,"date":"2019-06-26T10:02:00","date_gmt":"2019-06-26T10:02:00","guid":{"rendered":"http:\/\/vkdszsz.hu\/?p=1496"},"modified":"2019-06-26T10:11:27","modified_gmt":"2019-06-26T10:11:27","slug":"munkakozi-szunet","status":"publish","type":"post","link":"https:\/\/vkdszsz.hu\/?p=1496","title":{"rendered":"Munkak\u00f6zi sz\u00fcnet"},"content":{"rendered":"<p>Az Mt. 86. \u00a7 (3) bekezd\u00e9s rendelkez\u00e9se szerint nem munkaid\u0151 a <strong>munkak\u00f6zi sz\u00fcnet<\/strong> tartama. Ebb\u0151l k\u00f6vetkezik, hogy a munkak\u00f6zi sz\u00fcnet tartam\u00e1ra munkab\u00e9r nem illeti meg a munkav\u00e1llal\u00f3t.<\/p>\n<p>A munkaid\u0151 \u00e9s a munkak\u00f6zi sz\u00fcnet beoszt\u00e1sa a munk\u00e1ltat\u00f3 jogk\u00f6re.<\/p>\n<p>Az Mt.103. \u00a7 (1) bekezd\u00e9s rendelkez\u00e9se szerint a munkav\u00e1llal\u00f3 r\u00e9sz\u00e9re, ha a beoszt\u00e1s szerinti napi munkaid\u0151 tartama a hat \u00f3r\u00e1t meghaladja, h\u00fasz perc, a kilenc \u00f3r\u00e1t meghaladja, tov\u00e1bbi huszon\u00f6t perc munkak\u00f6zi sz\u00fcnetet kell biztos\u00edtani. A felek ett\u0151l elt\u00e9r\u0151en t\u00f6bb, legfeljebb hatvan perc munkak\u00f6zi sz\u00fcnetben is meg\u00e1llapodhatnak<\/p>\n<p>A munkak\u00f6zi sz\u00fcnetet legal\u00e1bb h\u00e1rom, legfeljebb \u00f6t \u00f3ra munkav\u00e9gz\u00e9st k\u00f6vet\u0151en adja ki a munk\u00e1ltat\u00f3. ett\u0151l a szab\u00e1lyt\u00f3l a munk\u00e1ltat\u00f3 meg\u00e1llapod\u00e1s eset\u00e9n elt\u00e9rhet.<\/p>\n","protected":false},"excerpt":{"rendered":"<p>Az Mt. 86. \u00a7 (3) bekezd\u00e9s rendelkez\u00e9se szerint nem munkaid\u0151 a munkak\u00f6zi sz\u00fcnet tartama. Ebb\u0151l k\u00f6vetkezik, hogy a munkak\u00f6zi sz\u00fcnet tartam\u00e1ra munkab\u00e9r nem illeti meg a munkav\u00e1llal\u00f3t. A munkaid\u0151 \u00e9s a munkak\u00f6zi sz\u00fcnet beoszt\u00e1sa a munk\u00e1ltat\u00f3 jogk\u00f6re. Az Mt.103. \u00a7 (1) bekezd\u00e9s rendelkez\u00e9se szerint a munkav\u00e1llal\u00f3 r\u00e9sz\u00e9re, ha a beoszt\u00e1s szerinti napi munkaid\u0151 tartama a&#8230;<\/p>\n","protected":false},"author":1,"featured_media":0,"comment_status":"closed","ping_status":"closed","sticky":false,"template":"","format":"standard","meta":{"footnotes":""},"categories":[5],"tags":[35],"class_list":["post-1496","post","type-post","status-publish","format-standard","hentry","category-hirek","tag-munkaido"],"_links":{"self":[{"href":"https:\/\/vkdszsz.hu\/index.php?rest_route=\/wp\/v2\/posts\/1496","targetHints":{"allow":["GET"]}}],"collection":[{"href":"https:\/\/vkdszsz.hu\/index.php?rest_route=\/wp\/v2\/posts"}],"about":[{"href":"https:\/\/vkdszsz.hu\/index.php?rest_route=\/wp\/v2\/types\/post"}],"author":[{"embeddable":true,"href":"https:\/\/vkdszsz.hu\/index.php?rest_route=\/wp\/v2\/users\/1"}],"replies":[{"embeddable":true,"href":"https:\/\/vkdszsz.hu\/index.php?rest_route=%2Fwp%2Fv2%2Fcomments&post=1496"}],"version-history":[{"count":1,"href":"https:\/\/vkdszsz.hu\/index.php?rest_route=\/wp\/v2\/posts\/1496\/revisions"}],"predecessor-version":[{"id":1497,"href":"https:\/\/vkdszsz.hu\/index.php?rest_route=\/wp\/v2\/posts\/1496\/revisions\/1497"}],"wp:attachment":[{"href":"https:\/\/vkdszsz.hu\/index.php?rest_route=%2Fwp%2Fv2%2Fmedia&parent=1496"}],"wp:term":[{"taxonomy":"category","embeddable":true,"href":"https:\/\/vkdszsz.hu\/index.php?rest_route=%2Fwp%2Fv2%2Fcategories&post=1496"},{"taxonomy":"post_tag","embeddable":true,"href":"https:\/\/vkdszsz.hu\/index.php?rest_route=%2Fwp%2Fv2%2Ftags&post=1496"}],"curies":[{"name":"wp","href":"https:\/\/api.w.org\/{rel}","templated":true}]}}