{"id":1577,"date":"2019-11-12T08:07:53","date_gmt":"2019-11-12T08:07:53","guid":{"rendered":"http:\/\/vkdszsz.hu\/?p=1577"},"modified":"2019-11-12T08:07:53","modified_gmt":"2019-11-12T08:07:53","slug":"tamogatasokrol-dontott-a-vkdsz-szocialis-es-oktatasi-alapitvany-kuratoriuma","status":"publish","type":"post","link":"https:\/\/vkdszsz.hu\/?p=1577","title":{"rendered":"T\u00e1mogat\u00e1sokr\u00f3l d\u00f6nt\u00f6tt a VKDSZ Szoci\u00e1lis \u00e9s Oktat\u00e1si Alap\u00edtv\u00e1ny Kurat\u00f3riuma"},"content":{"rendered":"<p class=\"ox-69088791ec-MsoNormal\">A VKDSZ Szoci\u00e1lis \u00e9s Oktat\u00e1si Alap\u00edtv\u00e1ny Kurat\u00f3riuma szint\u00e9n 10.16-\u00e1n tartotta \u00fcl\u00e9s\u00e9t, ahol az ez \u00e9vben ki\u00edrt oktat\u00e1si t\u00e1mogat\u00e1sra be\u00e9rkezett p\u00e1ly\u00e1zatok ker\u00fcltek elb\u00edr\u00e1l\u00e1sra. A be\u00e9rkezett 33 p\u00e1ly\u00e1zatot a Kurat\u00f3rium a hi\u00e1nyz\u00f3 adatok bek\u00e9r\u00e9se ut\u00e1n \u00e9rv\u00e9nyesnek nyilv\u00e1n\u00edtotta \u00e9s t\u00f6bb, mint egymilli\u00f3-k\u00e9tsz\u00e1zezer forint t\u00e1mogat\u00e1st \u00edt\u00e9lt meg.<\/p>\n<p>&nbsp;<\/p>\n<p class=\"ox-69088791ec-MsoNormal\">A NAV \u00e9rtes\u00edt\u00e9se alapj\u00e1n az Alap\u00edtv\u00e1nyaz ad\u00f3fizet\u0151 mag\u00e1nszem\u00e9lyek 2018 \u00e9vi SZJA 1%-os felaj\u00e1nl\u00e1sa alapj\u00e1n 195 670 Ft t\u00e1mogat\u00e1sban r\u00e9szes\u00fclt.<\/p>\n<p>&nbsp;<\/p>\n<p class=\"ox-69088791ec-MsoNormal\">A kurat\u00f3rium meg\u00e1llap\u00edtotta, hogy sajnos minden \u00e9vben kevesebb dolgoz\u00f3\u00a0 aj\u00e1nlja fel az alap\u00edtv\u00e1ny\u00a0 jav\u00e1ra a ad\u00f3ja\u00a0 1%-\u00e1t, ez\u00e9rt felh\u00edvj\u00e1k a kolleg\u00e1k figyelm\u00e9t, hogy, az 1%-os felaj\u00e1nl\u00e1s elk\u00e9sz\u00edt\u00e9s\u00e9vel nagyon sok r\u00e1szorul\u00f3 munkat\u00e1rs\u00e1nak tudna seg\u00edteni.\u00a0 K\u00e9rj\u00fck, hogy a 2019 \u00e9vi ad\u00f3bevall\u00e1sa elk\u00e9sz\u00edt\u00e9sekor ne felejtse el az SZJA-ja 1 %-\u00e1t\u00a0 Alap\u00edtv\u00e1nyunk jav\u00e1ra felaj\u00e1nlani.<\/p>\n","protected":false},"excerpt":{"rendered":"<p>A VKDSZ Szoci\u00e1lis \u00e9s Oktat\u00e1si Alap\u00edtv\u00e1ny Kurat\u00f3riuma szint\u00e9n 10.16-\u00e1n tartotta \u00fcl\u00e9s\u00e9t, ahol az ez \u00e9vben ki\u00edrt oktat\u00e1si t\u00e1mogat\u00e1sra be\u00e9rkezett p\u00e1ly\u00e1zatok ker\u00fcltek elb\u00edr\u00e1l\u00e1sra. A be\u00e9rkezett 33 p\u00e1ly\u00e1zatot a Kurat\u00f3rium a hi\u00e1nyz\u00f3 adatok bek\u00e9r\u00e9se ut\u00e1n \u00e9rv\u00e9nyesnek nyilv\u00e1n\u00edtotta \u00e9s t\u00f6bb, mint egymilli\u00f3-k\u00e9tsz\u00e1zezer forint t\u00e1mogat\u00e1st \u00edt\u00e9lt meg. &nbsp; A NAV \u00e9rtes\u00edt\u00e9se alapj\u00e1n az Alap\u00edtv\u00e1nyaz ad\u00f3fizet\u0151 mag\u00e1nszem\u00e9lyek 2018 \u00e9vi SZJA&#8230;<\/p>\n","protected":false},"author":1,"featured_media":0,"comment_status":"closed","ping_status":"closed","sticky":false,"template":"","format":"standard","meta":{"footnotes":""},"categories":[29],"tags":[],"class_list":["post-1577","post","type-post","status-publish","format-standard","hentry","category-vkdsz-szocialis-oktatasi-alapitvany"],"_links":{"self":[{"href":"https:\/\/vkdszsz.hu\/index.php?rest_route=\/wp\/v2\/posts\/1577","targetHints":{"allow":["GET"]}}],"collection":[{"href":"https:\/\/vkdszsz.hu\/index.php?rest_route=\/wp\/v2\/posts"}],"about":[{"href":"https:\/\/vkdszsz.hu\/index.php?rest_route=\/wp\/v2\/types\/post"}],"author":[{"embeddable":true,"href":"https:\/\/vkdszsz.hu\/index.php?rest_route=\/wp\/v2\/users\/1"}],"replies":[{"embeddable":true,"href":"https:\/\/vkdszsz.hu\/index.php?rest_route=%2Fwp%2Fv2%2Fcomments&post=1577"}],"version-history":[{"count":1,"href":"https:\/\/vkdszsz.hu\/index.php?rest_route=\/wp\/v2\/posts\/1577\/revisions"}],"predecessor-version":[{"id":1578,"href":"https:\/\/vkdszsz.hu\/index.php?rest_route=\/wp\/v2\/posts\/1577\/revisions\/1578"}],"wp:attachment":[{"href":"https:\/\/vkdszsz.hu\/index.php?rest_route=%2Fwp%2Fv2%2Fmedia&parent=1577"}],"wp:term":[{"taxonomy":"category","embeddable":true,"href":"https:\/\/vkdszsz.hu\/index.php?rest_route=%2Fwp%2Fv2%2Fcategories&post=1577"},{"taxonomy":"post_tag","embeddable":true,"href":"https:\/\/vkdszsz.hu\/index.php?rest_route=%2Fwp%2Fv2%2Ftags&post=1577"}],"curies":[{"name":"wp","href":"https:\/\/api.w.org\/{rel}","templated":true}]}}