{"id":1606,"date":"2020-01-13T09:38:58","date_gmt":"2020-01-13T09:38:58","guid":{"rendered":"http:\/\/vkdszsz.hu\/?p=1606"},"modified":"2020-01-13T09:38:58","modified_gmt":"2020-01-13T09:38:58","slug":"heti-hirfolyam-47-49-2019","status":"publish","type":"post","link":"https:\/\/vkdszsz.hu\/?p=1606","title":{"rendered":"Heti h\u00edrfolyam 47-49. 2019."},"content":{"rendered":"<p><strong>(47-49. h\u00e9t, 2019. november-december VKDSZ) T\u00e9li lapsz\u00e1m 1. <\/strong><\/p>\n<p><strong>\u00a0<\/strong><\/p>\n<p><strong>F\u00fcrd\u0151\u00e1gazat:<\/strong> A Magyar F\u00fcrd\u0151sz\u00f6vets\u00e9g 2019. november 19-20. k\u00f6z\u00f6tt tartotta meg \u0151szi k\u00f6zgy\u0171l\u00e9s\u00e9t, melyet Boros L\u00e1szl\u00f3 Attila, a sz\u00f6vets\u00e9g eln\u00f6ke nyitott meg. Az els\u0151 napon ker\u00fcltek \u00e1tad\u00e1sra a Nemzeti Tan\u00fas\u00edt\u00f3 V\u00e9djegyek, valamint els\u0151 alkalommal a Magyar F\u00fcrd\u0151innov\u00e1ci\u00f3s D\u00edj h\u00e1rom k\u00fcl\u00f6nb\u00f6z\u0151 kateg\u00f3ri\u00e1ban. Emellett el\u0151ad\u00e1sok hangzottak el t\u00f6bb k\u00fcl\u00f6nb\u00f6z\u0151 t\u00e9m\u00e1ban, k\u00f6zt\u00fck K\u00f6nnyid L\u00e1szl\u00f3, a Magyar Turisztikai \u00dcgyn\u00f6ks\u00e9g strat\u00e9giai vez\u00e9rigazgat\u00f3-helyettese az eg\u00e9szs\u00e9gturizmus aktu\u00e1lis k\u00e9rd\u00e9seir\u0151l \u00e9s az \u00e1gazat j\u00f6v\u0151k\u00e9p\u00e9r\u0151l besz\u00e9lt.<\/p>\n<p>A k\u00f6zgy\u0171l\u00e9s m\u00e1sodik napj\u00e1n a szakbizotts\u00e1gi \u00fcl\u00e9sek mellett \u00faj tagok felv\u00e9tel\u00e9re is sor ker\u00fclt, h\u00e9t taggal b\u0151v\u00fclt a Magyar F\u00fcrd\u0151sz\u00f6vets\u00e9g l\u00e9tsz\u00e1ma. Boros L\u00e1szl\u00f3 Attila eln\u00f6k besz\u00e1molt a tavaszi k\u00f6zgy\u0171l\u00e9s \u00f3ta eltelt id\u0151szak legfontosabb esem\u00e9nyeir\u0151l, rendezv\u00e9nyeir\u0151l pl. a Strandok \u00c9jszak\u00e1j\u00e1r\u00f3l, a Szaun\u00e1z\u00f3k H\u00e9tv\u00e9g\u00e9j\u00e9r\u0151l, a Magyar F\u00fcrd\u0151kult\u00fara Napj\u00e1r\u00f3l, az Eur\u00f3pai Sporth\u00e9tr\u0151l. Kiemelte, hogy az \u00e1facs\u00f6kkent\u00e9s\u00e9rt folytatott eredm\u00e9nyes munka \u00e9rdek\u00e9ben janu\u00e1r v\u00e9g\u00e9ig k\u00e9t tanulm\u00e1ny k\u00e9sz\u00fcl a megc\u00e9lzott 5 plusz 4%-os rendszer v\u00e1rhat\u00f3 hat\u00e1sair\u00f3l. A c\u00e9l az, hogy a 2021. \u00e9vi k\u00f6lts\u00e9gvet\u00e9s el\u0151k\u00e9sz\u00edt\u00e9s\u00e9nek idej\u00e9n m\u00e1r k\u00e9sz hat\u00e1stanulm\u00e1nyt tudjanak a d\u00f6nt\u00e9shoz\u00f3knak \u00e1tny\u00fajtani. A tov\u00e1bbiakban besz\u00e1molt arr\u00f3l is, hogy a f\u00fcrd\u0151\u00fczemeltet\u00e9sr\u0151l sz\u00f3l\u00f3 elavult \u201e37-es\u201d rendelet tervezett m\u00f3dos\u00edt\u00e1s\u00e1val kapcsolatban a sz\u00f6vets\u00e9g szakbizotts\u00e1gai, \u00e9s k\u00fcl\u00f6n erre a c\u00e9lra fel\u00e1ll\u00edtott munkacsoportja szakmai javaslatot k\u00e9sz\u00edtett, melyet megk\u00fcldtek a Nemzeti N\u00e9peg\u00e9szs\u00e9g\u00fcgyi K\u00f6zpontnak. Az NNK maxim\u00e1lisan konstrukt\u00edvan \u00e1ll az \u00fcgyh\u00f6z, egy\u00e9rtelm\u0171 \u00e9s hat\u00e1rozott a sz\u00e1nd\u00e9k korm\u00e1nyzati szinten is, hogy az elavult rendeleteket felv\u00e1lts\u00e1k az \u00fajabb, modernebb jogszab\u00e1lyok.<\/p>\n<p>&nbsp;<\/p>\n<h3>F\u0151v\u00e1rosi V\u00edzm\u0171vek Zrt. <em>nyugd\u00edjas rendezv\u00e9nye<\/em>: A zord id\u0151j\u00e1r\u00e1s, a cs\u00fasz\u00f3s \u00fat sem akad\u00e1lyozta meg a F\u0151v\u00e1rosi V\u00edzm\u0171vek Zrt. nyugd\u00edjas szakszervezeti tagjait abban, hogy december 02.-\u00e1n ism\u00e9t a VKDSZ Sz\u00e9kh\u00e1zban tal\u00e1lkozzanak. Az \u00fcl\u00e9sen szok\u00e1sos \u00e9vz\u00e1r\u00f3 programmal k\u00f6sz\u00f6ntek el egym\u00e1st\u00f3l a j\u00f6v\u0151 \u00e9v eleji tal\u00e1lkoz\u00f3ig. Az \u00f6sszej\u00f6vetelen jelentett\u00e9k be, hogy a nyolc tag\u00fa Nyugd\u00edjas Bizotts\u00e1g h\u00e1rom tagja \u201enyugd\u00edjba vonul\u201d, \u00e1tadj\u00e1k a staf\u00e9tabotot fiatalabb t\u00e1rsaiknak. A Bizotts\u00e1gba h\u00e1rom kor\u00e1bban megv\u00e1lasztott p\u00f3ttag ker\u00fclt.<\/h3>\n<p>A j\u00f3 hangulat\u00fa tal\u00e1lkoz\u00f3n a meghat\u00f3 b\u00facs\u00faztat\u00e1son k\u00edv\u00fcl sz\u00f3 esett arr\u00f3l, hogy a VKDSZ tov\u00e1bbra is d\u00edjt\u00e9r\u00edt\u00e9s n\u00e9lk\u00fcl biztos\u00edtja a sz\u00e9kh\u00e1z t\u00e1rgyal\u00f3j\u00e1nak ig\u00e9nybev\u00e9teli lehet\u0151s\u00e9geit.<\/p>\n<h3>LIGA p\u00e1ly\u00e1zat: A LIGA Szakszervezetek a tagszervezetek hat\u00e9kony \u00e9rdekk\u00e9pviseleti munk\u00e1j\u00e1nak t\u00e1mogat\u00e1s\u00e1ra p\u00e1ly\u00e1zatot \u00edrt ki t\u00f6bb kateg\u00f3ri\u00e1ban. A t\u00e1mogathat\u00f3 tev\u00e9kenys\u00e9gek k\u00f6z\u00e9 sorolt\u00e1k az \u00e9rdekv\u00e9delmi munka \u00e9rdek\u00e9ben haszn\u00e1lt sz\u00e1m\u00edt\u00e1stechnikai, irodai eszk\u00f6z\u00f6k beszerz\u00e9s\u00e9t, a szak\u00e9rt\u0151 (jogi, k\u00f6zgazdas\u00e1gi, kommunik\u00e1ci\u00f3s, stb.) ig\u00e9nybev\u00e9tel\u00e9t \u00e9s a rendezv\u00e9nyek lebonyol\u00edt\u00e1s\u00e1t.<\/h3>\n<h3>A szigor\u00fa felt\u00e9telek teljes\u00edt\u00e9s\u00e9vel komoly \u00f6sszeget lehet nyerni. A VKDSZ az \u00e9vz\u00e1r\u00f3 \u00e9s egyben \u00fcnnepi \u00e9rtekezlet\u00e9nek megrendez\u00e9s\u00e9re ny\u00fajtotta be t\u00e1mogat\u00e1si ig\u00e9ny\u00e9t, melyet v\u00e1rhat\u00f3an pozit\u00edvan b\u00edr\u00e1lnak el. Ezzel a k\u00f6lts\u00e9gek t\u00falnyom\u00f3 r\u00e9sz\u00e9t p\u00e1ly\u00e1zati keretb\u0151l lehet finansz\u00edrozni.<\/h3>\n<p>&nbsp;<\/p>\n<p>&nbsp;<\/p>\n<p><strong>VKDSZ Eln\u00f6ks\u00e9gi \u00fcl\u00e9s: <\/strong>November 21.-\u00e9n tartotta meg soros \u00fcl\u00e9s\u00e9t a VKDSZ Eln\u00f6ks\u00e9ge. Els\u0151k\u00e9nt az OV\u00c1K (Orsz\u00e1gos V\u00edzik\u00f6zm\u0171 \u00c1gazati Kooper\u00e1ci\u00f3) egy\u00fcttm\u0171k\u00f6d\u00e9si javaslat\u00e1r\u00f3l t\u00e1rgyaltak. A VKDSZ-en k\u00edv\u00fcli \u00e1gazatban m\u0171k\u00f6d\u0151 szakszervezeteket t\u00f6m\u00f6r\u00edt\u0151 Koordin\u00e1ci\u00f3 partnerk\u00e9nt tekint ugyan a VKDSZ-re, de bel\u00e9pni nem k\u00edv\u00e1nnak az \u00e1gazati szakszervezetbe. Az Eln\u00f6ks\u00e9g r\u00e9sz\u00e9r\u0151l az OV\u00c1K-al t\u00f6rt\u00e9n\u0151 egy\u00fcttm\u0171k\u00f6d\u00e9s nem volt k\u00e9rd\u00e9ses, kiz\u00e1r\u00f3lag annak formai \u00e9s tartalmi elemeir\u0151l folyt vita. A d\u00f6nt\u00e9st k\u00f6vet\u0151en a VKDSZ Eln\u00f6ks\u00e9ge lev\u00e9lben \u00e9rtes\u00edtette Kecsk\u00e9s K\u00e1rolyt, felaj\u00e1nlva az egy\u00fcttm\u0171k\u00f6d\u00e9shez VKDSZ f\u00f3rum rendszer\u00e9t. A sz\u00f6vets\u00e9g k\u00e9ri az OV\u00c1K tov\u00e1bbi javaslatait, egy\u00fcttm\u0171k\u00f6d\u00e9s r\u00e9szleteir\u0151l.<\/p>\n<p>&nbsp;<\/p>\n<p>A tov\u00e1bbiakban az I-III. negyed\u00e9ves\u00a0\u00a0 szervezeti tev\u00e9kenys\u00e9g\u00e9r\u0151l \u00e9s a k\u00f6lts\u00e9gvet\u00e9sr\u0151l t\u00e1rgyaltak. A besz\u00e1mol\u00f3 nagyon r\u00e9szletes volt, l\u00e1tszott bel\u0151le, hogy sok tev\u00e9kenys\u00e9g, esem\u00e9ny t\u00f6rt\u00e9nt az elm\u00falt id\u0151szakban.\u00a0 Az I-III. negyed\u00e9ves p\u00e9nz\u00fcgyi besz\u00e1mol\u00f3ja megmutatta, hogy a tagd\u00edjbev\u00e9tel cs\u00f6kken, az is l\u00e1tszik, hogy a VKDSZ gazd\u00e1lkod\u00e1sa takar\u00e9kos. Sajnos a Sz\u00e9kh\u00e1z kiad\u00e1s\u00e1nak b\u00e9rleti d\u00edjai is cs\u00f6kkentek, mert m\u0171szaki okok miatt egy helyis\u00e9g \u00e1tmenetileg nem kiadhat\u00f3.\u00a0 Nagy t\u00e9tel a kiad\u00e1sok k\u00f6z\u00f6tt az alkalmazottak b\u00e9re, az utaz\u00e1si k\u00f6lts\u00e9gek, a tiszteletd\u00edj. A m\u00e1sodik legjelent\u0151sebb t\u00e9tel a LIGA tagd\u00edj. A j\u00f6v\u0151 \u00fatja, hogy tagokat kell bel\u00e9ptetni, s tenni kell az\u00e9rt, hogy ne menjen el t\u00f6bb tag. Tov\u00e1bbi takar\u00e9koss\u00e1gi l\u00e9p\u00e9sek nem v\u00e1rhat\u00f3ak, hiszen a szervezet csak a legsz\u00fcks\u00e9gesebb kiad\u00e1sokra k\u00f6lt. Megold\u00e1st jelenthet m\u00e9g a tartal\u00e9kok \u00e1tmeneti felhaszn\u00e1l\u00e1sa is.<\/p>\n<p>&nbsp;<\/p>\n<p>A v\u00edzik\u00f6zm\u0171 \u00e1gazatot \u00e9rint\u0151, ITM \u00e1ltal tervezett r\u00f6vid, \u00e9s hossz\u00fa t\u00e1v\u00fa strat\u00e9gia, elk\u00e9pzel\u00e9sek ismertet\u00e9se c\u00edm\u0171 napirend elmaradt az el\u0151ad\u00f3 \u00e1llamtitk\u00e1r elfoglalts\u00e1ga miatt.<\/p>\n<p>&nbsp;<\/p>\n<p>A T\u00f6bbmunk\u00e1ltat\u00f3s Kollekt\u00edv Szerz\u0151d\u00e9s (TKSZ) helyzet\u00e9t F\u00e1bi\u00e1n Gy\u00f6rgy munka\u00fcgyi szak\u00e9rt\u0151 elemezte kifejtve, \u00a0hogy\u00a0 a TKSZ nagyon fontos k\u00e9rd\u00e9s, mert abb\u00f3l lehet \u00c1gazati KSZ. A kiterjeszt\u00e9st t\u00e1mogatni kellene minden helyi szakszervezetnek, szorgalmazva a helyi al\u00e1\u00edr\u00e1s\u00e1t is. Ebben szab\u00e1lyozni lehetne az \u00a0\u00e1gazati b\u00e9rminimumot kezdetben \u00a0a k\u00e9pzetts\u00e9g n\u00e9lk\u00fcliek \u00e9s a szakk\u00e9pzettek sz\u00e1m\u00e1ra, majd tov\u00e1bb lehetne l\u00e9pni az \u00e1gazati b\u00e9rtarifa rendszert ir\u00e1ny\u00e1ba is. Az \u00c1KSZ tulajdonviszonyokt\u00f3l f\u00fcggetlen\u00fcl egys\u00e9ges felt\u00e9teleket biztos\u00edtana nagyon sok, a munkav\u00e1lla\u00f3kat \u00e9rint\u0151 k\u00e9rd\u00e9sben, mely keret jellege miatt teret ad a helyi KSZ-eknek is, hiszen azok pozit\u00edv ir\u00e1nyban elt\u00e9rhetnek att\u00f3l.<\/p>\n<p>&nbsp;<\/p>\n<p><strong>\u00c9vz\u00e1r\u00f3 \u00e9rtekezlet: <\/strong>December 6-7.-\u00e9n tartotta meg \u00e9vz\u00e1r\u00f3 \u00fcl\u00e9s\u00e9t a VKDSZ. A rendezv\u00e9ny r\u00e9sze volt az alap\u00edt\u00e1s 30. \u00e9vfordul\u00f3ja alkalm\u00e1b\u00f3l megtartott \u00fcnnep\u00e9lyes megeml\u00e9kez\u00e9s, a megjelent alap\u00edt\u00f3k k\u00f6sz\u00f6nt\u00e9se is. G\u00e1bor Imre a VKDSZ volt eln\u00f6ke az alap\u00edt\u00f3k nev\u00e9ben mondott besz\u00e9det, feleleven\u00edtve a h\u00e1rom \u00e9vtizeddel ezel\u0151tti esem\u00e9nyeket. Az alap\u00edt\u00f3k sz\u00e1m\u00e1ra d\u00edszoklev\u00e9llel \u00e9s apr\u00f3 aj\u00e1nd\u00e9kkal tett\u00e9k eml\u00e9kezetess\u00e9 az esem\u00e9nyt.<\/p>\n<p>Az Orsz\u00e1gos V\u00e1lasztm\u00e1nyi \u00fcl\u00e9s F\u00fcrjes-G\u00e1bor J\u00f3zsef eln\u00f6k \u00fcnnepi besz\u00e9d\u00e9vel \u00e9s az elm\u00falt 30 \u00e9v \u00e9rt\u00e9kel\u00e9s\u00e9vel folytat\u00f3dott, melynek szerves r\u00e9sz\u00e9t k\u00e9pezi, az \u00f6regkori gondoskod\u00e1st jelent\u0151 az id\u00e9n 25 \u00e9ves Bizalom Nyugd\u00edjp\u00e9nzt\u00e1r. A\u00a0 jelenlegi m\u0171k\u00f6d\u00e9sr\u0151l, hozamok alakul\u00e1s\u00e1r\u00f3l T\u00f6r\u00f6k L\u00e1szl\u00f3 IT eln\u00f6k tartott besz\u00e1mol\u00f3t. A V\u00edzfolyam Nyugd\u00edjas Sz\u00f6vetkezet nev\u00e9ben pedig Kabai Tibor \u00fcgyvezet\u0151 sz\u00e1molt be az eredm\u00e9nyekr\u0151l, ami szint\u00e9n a Szakszervezet kezdem\u00e9nyez\u00e9s\u00e9vel\u00a0 megalakul\u00f3 tagszolg\u00e1ltat\u00e1s. A VKDSZ egyes ter\u00fcletein foly\u00f3 munk\u00e1r\u00f3l Gy\u00f6rgy Attila aleln\u00f6k \u00e9s \u00c1d\u00e1m R\u00f3bert J\u00e1nos \u00fcgyvezet\u0151 sz\u00e1molt be.<\/p>\n<p>A m\u00e1sodik napon szakmai konzult\u00e1ci\u00f3 keret\u00e9ben\u00a0 dr.T\u00f3th Hilda, a Miskolci Egyetem docense, a Munka\u00fcgyi Tan\u00e1csad\u00f3 \u00e9s Vitarendez\u0151 Szolg\u00e1lat k\u00e9pviselet\u00e9ben a szakszervezetek\u00a0 nyom\u00e1sgyakorl\u00e1s\u00e1nak\u00a0 t\u00f6rv\u00e9nyes lehet\u0151s\u00e9geir\u0151l, szab\u00e1lyair\u00f3l, a konfliktusok megold\u00e1s\u00e1r\u00f3l tartott interakt\u00edv el\u0151ad\u00e1st. A\u00a0 jelenl\u00e9v\u0151 VKDSZ vezet\u0151 tiszts\u00e9gvisel\u0151k akt\u00edv k\u00f6zrem\u0171k\u00f6d\u00e9s\u00e9vel, k\u00e9rd\u00e9sekre, v\u00e9lem\u00e9nyekre reag\u00e1lva \u2013 a leg\u00e1lis,\u00a0 illeg\u00e1lis lehet\u0151s\u00e9geket a ny\u00edlt lev\u00e9l, az utcai demonstr\u00e1ci\u00f3, bojkott,\u00a0 sztr\u00e1jk \u2013 a jogi h\u00e1tter\u00e9vel egy\u00fctt\u00a0\u00a0 ismertetett. R\u00e9szleteiben: a sztr\u00e1jkt\u00f6rv\u00e9ny paragrafusait, a m\u00e9g el\u00e9gs\u00e9ges szolg\u00e1ltat\u00e1s meg\u00e1llap\u00edt\u00e1s\u00e1nak m\u00f3dj\u00e1t, lehet\u0151s\u00e9geit, a k\u00fcl\u00f6nb\u00f6z\u0151 sztr\u00e1jkfajt\u00e1kat.\u00a0 Az el\u0151ad\u00e1sa utols\u00f3 r\u00e9sz\u00e9ben bemutatta a Munka\u00fcgyi Tan\u00e1csad\u00f3 \u00e9s Vitarendez\u0151 Szolg\u00e1lat m\u0171k\u00f6d\u00e9s\u00e9t, az \u00e1ltala ny\u00fajtott lehet\u0151s\u00e9geket \u00e9s f\u0151 tev\u00e9kenys\u00e9geket: a tan\u00e1csad\u00e1s, a b\u00e9k\u00e9ltet\u00e9s, a k\u00f6zvet\u00edt\u00e9s, az egyeztet\u00e9s \u00e9s a d\u00f6nt\u0151b\u00edr\u00e1skod\u00e1s r\u00e9szleteit.<\/p>\n<p>&nbsp;<\/p>\n<p><strong>VKDSZ Munkabiztons\u00e1gi \u00e9s Foglalkoztat\u00e1s Eg\u00e9szs\u00e9g\u00fcgyi Bizotts\u00e1g:<\/strong> 2019. december 5-\u00e9n tartotta meg a bizotts\u00e1g munkabiztons\u00e1gi k\u00e9pz\u00e9s\u00e9t. A f\u0151 t\u00e9ma az Orsz\u00e1gos T\u0171zv\u00e9delmi Szab\u00e1lyzat kiad\u00e1s\u00e1r\u00f3l sz\u00f3l\u00f3 54\/2014 (XII.5) BM rendelet\u00a0 m\u00f3dos\u00edt\u00e1s\u00e1ra vonatkoz\u00f3 30\/2019. (VII. 26.) BM rendeletb\u0151l ad\u00f3d\u00f3 gyakorlati feladatok ismertet\u00e9se (pl.\u00a0 telepi t\u0171zv\u00e9delmi Szab\u00e1lyzatok tartalma, haszn\u00e1lati szab\u00e1lyok m\u00f3dos\u00edt\u00e1sa). A r\u00e9sztvev\u0151ket \u00a0Francz Zsuzsanna T\u0171z \u00e9s Katasztr\u00f3fav\u00e9delmi m\u00e9rn\u00f6k oktatta. Emellett a munkabalesetek t\u00e9m\u00e1j\u00e1ban hallgattak meg el\u0151ad\u00e1st.<\/p>\n<p>&nbsp;<\/p>\n<p>Tov\u00e1bbra is k\u00e9rj\u00fck a tagszervezeteket, hogy programjaikr\u00f3l, szervezeti v\u00e1ltoz\u00e1saikr\u00f3l \u00e9rtes\u00edts\u00e9k a Heti h\u00edrfolyamot, hogy \u00e9lm\u00e9nyeiket, eredm\u00e9nyeiket megoszthassuk a VKDSZ tags\u00e1g\u00e1val!<\/p>\n<p>&nbsp;<\/p>\n<p>&nbsp;<\/p>\n<p>\u00c1d\u00e1m R\u00f3bert J\u00e1nos<\/p>\n<p>\u00fcgyvezet\u0151<\/p>\n<p>06-30\/6401463<\/p>\n","protected":false},"excerpt":{"rendered":"<p>(47-49. h\u00e9t, 2019. november-december VKDSZ) T\u00e9li lapsz\u00e1m 1. \u00a0 F\u00fcrd\u0151\u00e1gazat: A Magyar F\u00fcrd\u0151sz\u00f6vets\u00e9g 2019. november 19-20. k\u00f6z\u00f6tt tartotta meg \u0151szi k\u00f6zgy\u0171l\u00e9s\u00e9t, melyet Boros L\u00e1szl\u00f3 Attila, a sz\u00f6vets\u00e9g eln\u00f6ke nyitott meg. Az els\u0151 napon ker\u00fcltek \u00e1tad\u00e1sra a Nemzeti Tan\u00fas\u00edt\u00f3 V\u00e9djegyek, valamint els\u0151 alkalommal a Magyar F\u00fcrd\u0151innov\u00e1ci\u00f3s D\u00edj h\u00e1rom k\u00fcl\u00f6nb\u00f6z\u0151 kateg\u00f3ri\u00e1ban. Emellett el\u0151ad\u00e1sok hangzottak el t\u00f6bb k\u00fcl\u00f6nb\u00f6z\u0151&#8230;<\/p>\n","protected":false},"author":1,"featured_media":0,"comment_status":"closed","ping_status":"closed","sticky":false,"template":"","format":"standard","meta":{"footnotes":""},"categories":[16],"tags":[],"class_list":["post-1606","post","type-post","status-publish","format-standard","hentry","category-heti-hirek"],"_links":{"self":[{"href":"https:\/\/vkdszsz.hu\/index.php?rest_route=\/wp\/v2\/posts\/1606","targetHints":{"allow":["GET"]}}],"collection":[{"href":"https:\/\/vkdszsz.hu\/index.php?rest_route=\/wp\/v2\/posts"}],"about":[{"href":"https:\/\/vkdszsz.hu\/index.php?rest_route=\/wp\/v2\/types\/post"}],"author":[{"embeddable":true,"href":"https:\/\/vkdszsz.hu\/index.php?rest_route=\/wp\/v2\/users\/1"}],"replies":[{"embeddable":true,"href":"https:\/\/vkdszsz.hu\/index.php?rest_route=%2Fwp%2Fv2%2Fcomments&post=1606"}],"version-history":[{"count":1,"href":"https:\/\/vkdszsz.hu\/index.php?rest_route=\/wp\/v2\/posts\/1606\/revisions"}],"predecessor-version":[{"id":1607,"href":"https:\/\/vkdszsz.hu\/index.php?rest_route=\/wp\/v2\/posts\/1606\/revisions\/1607"}],"wp:attachment":[{"href":"https:\/\/vkdszsz.hu\/index.php?rest_route=%2Fwp%2Fv2%2Fmedia&parent=1606"}],"wp:term":[{"taxonomy":"category","embeddable":true,"href":"https:\/\/vkdszsz.hu\/index.php?rest_route=%2Fwp%2Fv2%2Fcategories&post=1606"},{"taxonomy":"post_tag","embeddable":true,"href":"https:\/\/vkdszsz.hu\/index.php?rest_route=%2Fwp%2Fv2%2Ftags&post=1606"}],"curies":[{"name":"wp","href":"https:\/\/api.w.org\/{rel}","templated":true}]}}