{"id":1621,"date":"2020-03-23T15:35:19","date_gmt":"2020-03-23T15:35:19","guid":{"rendered":"http:\/\/vkdszsz.hu\/?p=1621"},"modified":"2020-03-23T15:35:19","modified_gmt":"2020-03-23T15:35:19","slug":"kritikus-helyzetben-is-biztos-kezekben-a-vizellatas","status":"publish","type":"post","link":"https:\/\/vkdszsz.hu\/?p=1621","title":{"rendered":"Kritikus helyzetben is biztos kezekben a v\u00edzell\u00e1t\u00e1s"},"content":{"rendered":"<p><strong>A koronav\u00edrus j\u00e1rv\u00e1ny el\u00e9rte haz\u00e1nkat \u00e9s\u00a0 k\u00f6zeg\u00e9szs\u00e9g\u00fcgyi vesz\u00e9lyeket rejt a v\u00edzik\u00f6zm\u0171 szolg\u00e1ltat\u00f3k, illetve a szolg\u00e1ltat\u00e1sban dolgoz\u00f3k sz\u00e1m\u00e1ra is. <\/strong><\/p>\n<p><strong>\u00a0<\/strong><\/p>\n<p><strong>Tudjuk, hogy kolleg\u00e1ink egy n\u00e9lk\u00fcl\u00f6zhetetlen szolg\u00e1ltat\u00e1s n\u00e9lk\u00fcl\u00f6zhetetlen r\u00e9sztvev\u0151i. K\u00fcl\u00f6n\u00f6s teher nehezedik r\u00e1juk, hiszen a legjobban tombol\u00f3 v\u00edrus-j\u00e1rv\u00e1ny eset\u00e9n is biztos\u00edtani kell az alapell\u00e1t\u00e1st. A rendk\u00edv\u00fcli helyzetben fokozottan\u00a0 helyt kell \u00e1llni, m\u0171k\u00f6dtetni kell a technol\u00f3giai rendszereket, el kell h\u00e1r\u00edtani a s\u00falyos h\u00e1l\u00f3zati hib\u00e1kat. A h\u00e1l\u00f3zaton dolgoz\u00f3\u00a0 munkav\u00e1llal\u00f3k\u00a0 \u201el\u00e1thatatlan kommand\u00f3k\u00e9nt\u201d biztos\u00edtj\u00e1k\u00a0\u00a0 a h\u00e1ztart\u00e1sok, csal\u00e1dok, gazdas\u00e1gi tev\u00e9kenys\u00e9gek\u00a0\u00a0 \u00e9letfelt\u00e9teleit. <\/strong><\/p>\n<p><strong>\u00a0<\/strong><\/p>\n<p><strong>A v\u00edzik\u00f6zm\u0171 \u00e1gazatban munkav\u00e1llal\u00f3i sz\u00f6vets\u00e9gk\u00e9nt \u00e9vtizedek \u00f3ta kitart\u00f3an k\u00fczd\u00fcnk az\u00e9rt, hogy a t\u00e1rsadalom felfigyeljen a v\u00edzik\u00f6zm\u0171 szolg\u00e1lat kock\u00e1zataira, eg\u00e9szs\u00e9g\u00fcgyi, nemzetbiztons\u00e1gi jelent\u0151s\u00e9geire, a fenntarthat\u00f3 m\u0171k\u00f6d\u00e9si neh\u00e9zs\u00e9gekre. K\u00fcl\u00f6n\u00f6sen igaz ez most, amikor a rendk\u00edv\u00fcli eg\u00e9szs\u00e9g\u00fcgyi kock\u00e1zattal egy\u00fctt j\u00e1r\u00f3\u00a0 helyzetben \u2013 a koronav\u00edrus fenyegetetts\u00e9ge mellett &#8211; kell helyt\u00e1llnunk. <\/strong><\/p>\n<p><strong>\u00a0<\/strong><\/p>\n<p><strong>Vil\u00e1gszerte hagyom\u00e1nny\u00e1 v\u00e1lt, hogy minden \u00e9vben\u00a0 egy nap a \u201eV\u00edz vil\u00e1gnapja\u201d alkalm\u00e1b\u00f3l \u00fcnnep\u00e9lyes keretek k\u00f6z\u00f6tt megeml\u00e9kez\u00fcnk egym\u00e1sr\u00f3l, a szakmai\u00a0 \u00e9s k\u00f6z\u00f6ss\u00e9gi munk\u00e1jukban \u00e9lenj\u00e1r\u00f3 munkat\u00e1rsainkr\u00f3l. Az \u00fcnneps\u00e9g ez alkalommal elmarad, a megeml\u00e9kez\u00e9s munk\u00e1val telik, amelynek eredm\u00e9nyek\u00e9nt a kialakult kritikus helyzetben a \u201evizes\u201d kollekt\u00edva igaz\u00e1n bizony\u00edtani fogja szakmai felk\u00e9sz\u00fclts\u00e9g\u00e9t. A 2020-as V\u00edz Vil\u00e1gnapja vil\u00e1g viszonylatban \u00f6n\u00e1ll\u00f3 korszakk\u00e9nt vonul be az emberis\u00e9g t\u00f6rt\u00e9net\u00e9be.\u00a0 A vil\u00e1gnak\u00a0 nincs v\u00e1laszt\u00e1si lehet\u0151s\u00e9ge, megsz\u0171nnek a k\u00f6zhelyek, egyetlen alternat\u00edva eg\u00e9szs\u00e9gesnek maradni, aminek kiz\u00e1r\u00f3lagos felt\u00e9tele\u00a0 az iv\u00f3v\u00edz, tiszt\u00e1lkod\u00e1s lehet\u0151s\u00e9ge.<\/strong><\/p>\n<h2><strong>\u00a0<\/strong><\/h2>\n<h2><strong>K\u00e9sz\u00fcltek \u00fczemeltet\u0151i cselekv\u00e9si tervek, melyek a j\u00e1rv\u00e1ny k\u00fcl\u00f6nb\u00f6z\u0151 st\u00e1diumaira vonatkoz\u00f3an hat\u00e1rozz\u00e1k meg a biztons\u00e1gi alapell\u00e1t\u00e1si\u00a0 int\u00e9zked\u00e9seket.<\/strong><\/h2>\n<h2><strong>\u00a0<\/strong><\/h2>\n<h2><strong>Ezek nehez\u00edtik kolleg\u00e1ink munkav\u00e9gz\u00e9si felt\u00e9teleit, korl\u00e1tozz\u00e1k mozg\u00e1s lehet\u0151s\u00e9geiket. Sor ker\u00fclhet ak\u00e1r a kulcsmunkak\u00f6r\u00f6kben dolgoz\u00f3k \u2013 \u00fczemeltet\u00e9s, hibaelh\u00e1r\u00edt\u00e1s &#8211; munkahelyen tart\u00e1s\u00e1ra, biztons\u00e1gi \u00e9s eg\u00e9szs\u00e9g\u00fcgyi v\u00e9delm\u00e9re.<\/strong><\/h2>\n<h2><strong>\u00a0<\/strong><\/h2>\n<h2><strong>Felh\u00edvjuk tagt\u00e1rsainkat \u00e9s kolleg\u00e1inkat, a kritikus helyzetben is \u00e1lljanak helyt, t\u00fcrelemmel v\u00e9gezz\u00e9k el feladataikat, viselj\u00e9k k\u00f6r\u00fclm\u00e9nyeiket, hiszen azon a n\u00e9h\u00e1ny ezer emberen m\u00falik 10 milli\u00f3 ember napi v\u00edzell\u00e1t\u00e1sa, \u00e9letlehet\u0151s\u00e9g\u00e9nek fenntart\u00e1sa akik a v\u00edzik\u00f6zm\u0171 szolg\u00e1ltat\u00e1sban biztos\u00edtj\u00e1k a iv\u00f3v\u00edzell\u00e1t\u00e1s, szennyv\u00edz elvezet\u00e9s, tiszt\u00edt\u00e1s folytonoss\u00e1g\u00e1t.<\/strong><\/h2>\n<h2><strong>\u00a0<\/strong><\/h2>\n<h2><strong>A VKDSZ \u00e9rdekk\u00e9pviseleti munk\u00e1ja k\u00f6z\u00e9ppontj\u00e1ba helyezi a v\u00edrus-kr\u00edzis id\u0151szak\u00e1ban<\/strong><\/h2>\n<h2><strong>\u00a0<\/strong><\/h2>\n<h2><strong>1.\u00a0\u00a0\u00a0\u00a0 a foglalkoztat\u00e1ssal egy\u00fctt j\u00e1r\u00f3\u00a0 munka\u00fcgyi, munkajogi probl\u00e9m\u00e1k, konfliktusok megold\u00e1s\u00e1ban val\u00f3 felt\u00e9tel n\u00e9lk\u00fcli k\u00f6zrem\u0171k\u00f6d\u00e9st,<\/strong><\/h2>\n<h2><strong>\u00a0<\/strong><\/h2>\n<h2><strong>2.\u00a0\u00a0\u00a0\u00a0 az \u00e1gazati szint\u0171\u00a0 munkafelt\u00e9telek, d\u00edjaz\u00e1sok, munkarend \u00e9s szabads\u00e1gol\u00e1si\u00a0 felt\u00e9telek egys\u00e9ges rendez\u0151 elveinek a kialak\u00edt\u00e1s\u00e1t.<\/strong><\/h2>\n<h2><strong>\u00a0<\/strong><\/h2>\n<h2><strong>B\u00e1rhogyan is alakuljon a kritikus helyzet, a v\u00edzszolg\u00e1ltat\u00e1s folyamatoss\u00e1g\u00e1t biztos\u00edtani kell, s egyetlen munkav\u00e1llal\u00f3 sem maradhat b\u00e9rell\u00e1t\u00e1s n\u00e9lk\u00fcl.\u00a0 <\/strong><\/h2>\n<h2><strong>\u00a0<\/strong><\/h2>\n<h2><strong>\u00a0<\/strong><\/h2>\n<h2><strong>2020. m\u00e1rcius 22.<\/strong><\/h2>\n<h2><strong>\u00a0<\/strong><\/h2>\n<p><strong>V\u00edz\u00fcgyi K\u00f6zszolg\u00e1ltat\u00e1si Dolgoz\u00f3k Szakszervezeti Sz\u00f6vets\u00e9ge <\/strong><\/p>\n","protected":false},"excerpt":{"rendered":"<p>A koronav\u00edrus j\u00e1rv\u00e1ny el\u00e9rte haz\u00e1nkat \u00e9s\u00a0 k\u00f6zeg\u00e9szs\u00e9g\u00fcgyi vesz\u00e9lyeket rejt a v\u00edzik\u00f6zm\u0171 szolg\u00e1ltat\u00f3k, illetve a szolg\u00e1ltat\u00e1sban dolgoz\u00f3k sz\u00e1m\u00e1ra is. \u00a0 Tudjuk, hogy kolleg\u00e1ink egy n\u00e9lk\u00fcl\u00f6zhetetlen szolg\u00e1ltat\u00e1s n\u00e9lk\u00fcl\u00f6zhetetlen r\u00e9sztvev\u0151i. K\u00fcl\u00f6n\u00f6s teher nehezedik r\u00e1juk, hiszen a legjobban tombol\u00f3 v\u00edrus-j\u00e1rv\u00e1ny eset\u00e9n is biztos\u00edtani kell az alapell\u00e1t\u00e1st. A rendk\u00edv\u00fcli helyzetben fokozottan\u00a0 helyt kell \u00e1llni, m\u0171k\u00f6dtetni kell a technol\u00f3giai rendszereket, el&#8230;<\/p>\n","protected":false},"author":1,"featured_media":0,"comment_status":"closed","ping_status":"closed","sticky":false,"template":"","format":"standard","meta":{"footnotes":""},"categories":[5,12],"tags":[],"class_list":["post-1621","post","type-post","status-publish","format-standard","hentry","category-hirek","category-kiemelt-hirek"],"_links":{"self":[{"href":"https:\/\/vkdszsz.hu\/index.php?rest_route=\/wp\/v2\/posts\/1621","targetHints":{"allow":["GET"]}}],"collection":[{"href":"https:\/\/vkdszsz.hu\/index.php?rest_route=\/wp\/v2\/posts"}],"about":[{"href":"https:\/\/vkdszsz.hu\/index.php?rest_route=\/wp\/v2\/types\/post"}],"author":[{"embeddable":true,"href":"https:\/\/vkdszsz.hu\/index.php?rest_route=\/wp\/v2\/users\/1"}],"replies":[{"embeddable":true,"href":"https:\/\/vkdszsz.hu\/index.php?rest_route=%2Fwp%2Fv2%2Fcomments&post=1621"}],"version-history":[{"count":1,"href":"https:\/\/vkdszsz.hu\/index.php?rest_route=\/wp\/v2\/posts\/1621\/revisions"}],"predecessor-version":[{"id":1622,"href":"https:\/\/vkdszsz.hu\/index.php?rest_route=\/wp\/v2\/posts\/1621\/revisions\/1622"}],"wp:attachment":[{"href":"https:\/\/vkdszsz.hu\/index.php?rest_route=%2Fwp%2Fv2%2Fmedia&parent=1621"}],"wp:term":[{"taxonomy":"category","embeddable":true,"href":"https:\/\/vkdszsz.hu\/index.php?rest_route=%2Fwp%2Fv2%2Fcategories&post=1621"},{"taxonomy":"post_tag","embeddable":true,"href":"https:\/\/vkdszsz.hu\/index.php?rest_route=%2Fwp%2Fv2%2Ftags&post=1621"}],"curies":[{"name":"wp","href":"https:\/\/api.w.org\/{rel}","templated":true}]}}