{"id":1658,"date":"2020-08-25T12:03:54","date_gmt":"2020-08-25T12:03:54","guid":{"rendered":"http:\/\/vkdszsz.hu\/?p=1658"},"modified":"2020-08-25T12:03:54","modified_gmt":"2020-08-25T12:03:54","slug":"heti-hirfolyam-nyar-2-2020","status":"publish","type":"post","link":"https:\/\/vkdszsz.hu\/?p=1658","title":{"rendered":"Heti h\u00edrfolyam Ny\u00e1r-2. 2020."},"content":{"rendered":"<p>(2020. augusztus VKDSZ- <strong>b\u0151v\u00edtett kiad\u00e1s<\/strong>)<\/p>\n<p>&nbsp;<\/p>\n<p><strong>MaSzeSz egyeztet\u00e9s: <\/strong>Augusztus elej\u00e9n tal\u00e1lkozott a VKDSZ \u00e9s a MaSzeSz vezet\u00e9se. Kov\u00e1cs K\u00e1roly eln\u00f6k \u00e9s Sinka Attila f\u0151titk\u00e1r fogadta F\u00fcrjes-G\u00e1bor J\u00f3zsef eln\u00f6k\u00f6t, Gy\u00f6rgy Attila aleln\u00f6k\u00f6t \u00e9s \u00c1d\u00e1m R\u00f3bert J\u00e1nos \u00fcgyvezet\u0151t. Az ITM levele alapj\u00e1n tudjuk, hogy a Nemzeti V\u00edzik\u00f6zm\u0171-k\u00f6zszolg\u00e1ltat\u00e1si Strat\u00e9gia kidolgoz\u00e1s\u00e1ban k\u00f6zrem\u0171k\u00f6dik a VKDSZ valamint munkaad\u00f3i oldalr\u00f3l a MaV\u00edz \u00e9s a MASZESZ is (l\u00e1sd HH el\u0151z\u0151 sz\u00e1m). Ez alapot adott arra, hogy a k\u00e9t szervezet felvegye a kapcsolatot egym\u00e1ssal. \u00a0A tal\u00e1lkoz\u00f3n k\u00f6lcs\u00f6n\u00f6sen ismertett\u00e9k m\u0171k\u00f6d\u00e9si ter\u00fcleteiket, szervezeti fel\u00e9p\u00edt\u00e9s\u00fcket \u00e9s tev\u00e9kenys\u00e9g\u00fcket. A megbesz\u00e9l\u00e9s sor\u00e1n tiszt\u00e1z\u00f3dott, hogy a MaSzeSz nem tiszt\u00e1n munkaad\u00f3i szervezet, hanem ann\u00e1l t\u00f6bb, szakmai m\u0171hely, \u00e1gazati inform\u00e1ci\u00f3- \u00e9s tud\u00e1s-transzfert szervez\u0151 koordin\u00e1tor valamint a szakma t\u00e1rsadalmi elismerts\u00e9g\u00e9\u00e9rt k\u00fczd\u0151 szervezet. A VKDSZ a fenntarthat\u00f3 foglalkoztat\u00e1st, az \u00e1gazati kollekt\u00edv szerz\u0151d\u00e9st, az egys\u00e9ges \u00e1gazati besorol\u00e1st \u00e9s b\u00e9rtarifa rendszert nevezte meg kiemelt ter\u00fcleteknek, melyekben a MaSzeSz t\u00e1mogat\u00e1s\u00e1ra is sz\u00e1m\u00edt. Felek meg\u00e1llapodtak abban, hogy r\u00f6vid id\u0151n bel\u00fcl strat\u00e9giai partneri meg\u00e1llapod\u00e1st k\u00f6tnek egym\u00e1ssal, \u00e9s meghat\u00e1rozz\u00e1k az egy\u00fcttm\u0171k\u00f6d\u00e9s r\u00e9szter\u00fcleteit, m\u00f3dszereit.<\/p>\n<p>&nbsp;<\/p>\n<p><strong>Alf\u00f6ldv\u00edz: <\/strong>B\u00e9k\u00e9scsab\u00e1n tal\u00e1lkozott a VKDSZ k\u00fcld\u00f6tts\u00e9ge (Misk\u00e9ri L\u00e1szl\u00f3 a helyi szakszervezet titk\u00e1ra \u00e9s F\u00fcrjes-G\u00e1bor J\u00f3zsef a VKDSZ eln\u00f6ke) Nagy Ferenc alpolg\u00e1rmesterrel. Az Alf\u00f6ldv\u00edzn\u00e9l tapasztalhat\u00f3 \u00fczemeltet\u00e9si neh\u00e9zs\u00e9gek miatt a VKDSZ szorgalmazza a tulajdonosok k\u00f6z\u00f6tti miel\u0151bbi egyeztet\u00e9s lefolytat\u00e1s\u00e1t \u00e9s soron k\u00edv\u00fcli k\u00f6zgy\u0171l\u00e9si napirendre t\u0171z\u00e9s\u00e9t. A megbesz\u00e9l\u00e9sen elhangzott, hogy az Alf\u00f6ldv\u00edz Zrt. \u00e9s m\u00e1s \u00e1gazati t\u00e1rsas\u00e1gok \u00e1ltal -a pand\u00e9mia id\u0151szak\u00e1ban &#8211; alkalmazott munkarend k\u00f6vetkezm\u00e9nyek\u00e9nt el\u0151\u00e1ll\u00f3 fizikai munkav\u00e1llal\u00f3kat \u00e9rint\u0151\u00a0\u00a0 b\u00e9rcs\u00f6kken\u00e9s miatt \u00a0munka\u00fcgyi konfliktushelyzet alakult ki. Emellett ismertet\u00e9sre ker\u00fclt az Alf\u00f6ldv\u00edz Zrt-n\u00e9l tervezett \u00a00%-os b\u00e9rfejleszt\u00e9si aj\u00e1nlat, s az \u00a0emiatt el\u0151\u00e1ll\u00f3 \u00a0rendk\u00edv\u00fcli munkamor\u00e1l roml\u00e1s, annak k\u00f6vetkezm\u00e9nye a folyamatos \u00fczemeltet\u00e9s biztons\u00e1g\u00e1nak a vesz\u00e9lyeztet\u00e9se.<\/p>\n<p>A menedzsment r\u00e9sz\u00e9r\u0151l a 0%-os b\u00e9rfejleszt\u00e9s indoka a m\u0171k\u00f6d\u0151k\u00e9pess\u00e9g fenntarthat\u00f3s\u00e1ga, amely a tulajdonos r\u00e9sz\u00e9r\u0151l elv\u00e1r\u00e1sk\u00e9nt fogalmaz\u00f3dik meg a c\u00e9gvezet\u00e9s ir\u00e1ny\u00e1ba. Felvet\u00e9s\u00fcnkre az alpolg\u00e1rmester egy\u00e9rtelm\u0171s\u00edtette, hogy a tulajdonosnak nincs ilyen\u00a0 \u00a0elv\u00e1r\u00e1sa a munk\u00e1ltat\u00f3 ir\u00e1ny\u00e1ba. Az \u00f6nkorm\u00e1nyzat nem hozott eddig semmilyen konkr\u00e9t d\u00f6nt\u00e9st arr\u00f3l, hogy a t\u00e1rsas\u00e1gn\u00e1l b\u00e9rfejleszt\u00e9s legyen-e vagy milyen m\u00e9rt\u00e9k\u0171 legyen, sem most sem kor\u00e1bban, s\u0151t ilyen k\u00e9rd\u00e9st nem is t\u00e1rgyalt. Az \u00f6nkorm\u00e1nyzat val\u00f3ban a m\u0171k\u00f6d\u00e9s fenntarthat\u00f3s\u00e1g\u00e1ban \u00e9rdekelt, ezt t\u00f6bbsz\u00f6r is, t\u00f6bb hat\u00e1rozatunkban is jelezte, de ennek l\u00e9nyege \u00e9s c\u00e9lja az \u00f6nkorm\u00e1nyzat \u00e9rtelmez\u00e9se szerint a szolg\u00e1ltat\u00e1s folyamatoss\u00e1g\u00e1nak \u00e9s sz\u00ednvonal\u00e1nak fenntart\u00e1sa, ide\u00e9rtve az \u00f6nkorm\u00e1nyzati k\u00f6zm\u0171vagyon m\u0171k\u00f6d\u0151k\u00e9pess\u00e9g\u00e9nek \u00e9s sz\u00ednvonal\u00e1nak megtart\u00e1sa is. Az ehhez minden sz\u00fcks\u00e9ges int\u00e9zked\u00e9st a munk\u00e1ltat\u00f3nak, a c\u00e9g menedzsmentj\u00e9nek saj\u00e1t hat\u00e1sk\u00f6rben kell meghoznia legyen ez foglalkoztat\u00e1ssal, az \u00fczleti terv teljes\u00edt\u00e9s\u00e9vel, a fizet\u0151k\u00e9pess\u00e9ggel\u00a0 vagy \u00e9pp az \u00edv\u00f3v\u00edz min\u0151s\u00e9g\u00e9vel,\u00a0 tisztas\u00e1g\u00e1val kapcsolatos\u00a0 int\u00e9zked\u00e9s.<\/p>\n<p><strong>Levelez\u00e9s: <\/strong>A VKDSZ f\u00e1radhatatlanul levelezik a legk\u00fcl\u00f6nb\u00f6z\u0151bb \u00fcgyekben a munkav\u00e1llal\u00f3i \u00e9rdekek\u00e9rt. A pand\u00e9mi\u00e1s helyzet ut\u00e1ni vissza\u00e1ll\u00e1s \u00e1ttekint\u00e9se \u00e9rdek\u00e9ben megkerest\u00fck a munkaad\u00f3kat. \u00c9rkeznek a v\u00e1laszlevelek, melyek a vissza\u00e1ll\u00e1s r\u00e9szleteit foglalj\u00e1k \u00f6ssze. B\u00e1rtfai-Mager Andrea t\u00e1rcan\u00e9lk\u00fcli miniszternek az Alf\u00f6ldv\u00edz Zrt. helyzet\u00e9nek rendez\u00e9se \u00e9rdek\u00e9ben \u00edrtunk. Kezdem\u00e9nyezt\u00fck, hogy rendk\u00edv\u00fcli k\u00f6zgy\u0171l\u00e9s keret\u00e9ben mihamarabb keressenek hossz\u00fa t\u00e1v\u00fa megold\u00e1st a t\u00e1rsas\u00e1g m\u0171k\u00f6d\u0151k\u00e9pess\u00e9g\u00e9nek fenntart\u00e1s\u00e1ra, ak\u00e1r az \u00e1llami szerepv\u00e1llal\u00e1s n\u00f6vel\u00e9s\u00e9vel. K\u00e9rt\u00fck emellett a szem\u00e9lyes konzult\u00e1ci\u00f3 lehet\u0151s\u00e9g\u00e9t is a folyamatok felgyors\u00edt\u00e1sa \u00e9rdek\u00e9ben. A t\u00e1rsas\u00e1gok vezet\u00e9s\u00e9ben t\u00f6rt\u00e9n\u0151 v\u00e1ltoz\u00e1sokkor minden alkalommal felvesz\u00fck a kapcsolatot az \u00faj vezet\u0151vel \u2013 lehet\u0151s\u00e9g szerint szem\u00e9lyesen is &#8211;\u00a0 hogy t\u00e1j\u00e9koztassuk a VKDSZ m\u0171k\u00f6d\u00e9s\u00e9r\u0151l, c\u00e9ljair\u00f3l \u00e9s hogy er\u0151s\u00edts\u00fck a helyi szervezet poz\u00edci\u00f3j\u00e1t. Felk\u00e9rt\u00fck lev\u00e9lben \u00a0a Magyar F\u00fcrd\u0151sz\u00f6vets\u00e9g eln\u00f6k\u00e9t, Boros L\u00e1szl\u00f3 Attil\u00e1t is tervezett konferenci\u00e1nkon megtartand\u00f3 el\u0151ad\u00e1s\u00e1nak megtart\u00e1s\u00e1ra, rem\u00e9lve, hogy hasznos inform\u00e1ci\u00f3kat tud ny\u00fajtani az \u00e1gazat helyzet\u00e9r\u0151l \u00e9s j\u00f6v\u0151j\u00e9vel kapcsolatosan. \u00a0\u00a0dr. F\u00f3nagy J\u00e1nos miniszterhelyettes v\u00e1laszlev\u00e9lben k\u00f6sz\u00f6nte meg a korona-v\u00edrus j\u00e1rv\u00e1nnyal kapcsolatosan megk\u00fcld\u00f6tt \u00f6sszefoglal\u00f3 anyagunkat valamint t\u00e1j\u00e9koztatott a region\u00e1lis t\u00e1rsas\u00e1gok idei f\u00e9l \u00e9vt\u0151l esed\u00e9kes 10 %-os b\u00e9rfejleszt\u00e9s\u00e9r\u0151l. Az \u00e9rintett szakszervezetek egyeztett\u00e9k \u00e1ll\u00e1spontjaikat \u00e9s egys\u00e9ges alapelvek szerint, de a helyi\u00a0 saj\u00e1toss\u00e1goknak megfelel\u0151en k\u00edv\u00e1nnak megegyezni a munkaad\u00f3i partnerekkel. A t\u00e1rgyal\u00e1sok folyamatban vannak.<\/p>\n<p><strong>Vez\u00e9rigazgat\u00f3i egyeztet\u00e9sek:<\/strong> A VKDSZ deleg\u00e1ci\u00f3ja (M\u00fcller Zolt\u00e1n eln\u00f6k, \u00a0Kov\u00e1cs S\u00e1ndor aleln\u00f6k a helyi szakszervezet r\u00e9sz\u00e9r\u0151l \u00e9s F\u00fcrjes-G\u00e1bor J\u00f3zsef a VKDSZ eln\u00f6ke) tal\u00e1lkozott Laczi P\u00e9ter vez\u00e9rigazgat\u00f3val \u00e9s egyeztettek a t\u00e1rsas\u00e1g egyre nehezebb gazdas\u00e1gi helyzet\u00e9r\u0151l \u00e9s a \u00a0b\u00e9ren k\u00edv\u00fcli juttat\u00e1sok \u00e1tmeneti felf\u00fcggeszt\u00e9s\u00e9vel kapcsolatban. A D\u00e9lzalai V\u00edz- \u00e9s Csatornam\u0171vek Zrt. eln\u00f6k-vez\u00e9rigazgat\u00f3j\u00e1val, Czir\u00e1ki L\u00e1szl\u00f3val is egyeztetett a VKDSZ eln\u00f6ke a helyi kollekt\u00edv szerz\u0151d\u00e9s aktualiz\u00e1l\u00e1s\u00e1r\u00f3l, pontos\u00edt\u00e1s\u00e1r\u00f3l, aki partner a dokumentum meg\u00faj\u00edt\u00e1s\u00e1ban. A szakszervezeti \u00e1ll\u00e1spontot Nagyn\u00e9 Ifka Katalin eln\u00f6kkel \u00e9s R\u00e1dics L\u00e1szl\u00f3 \u00dcT eln\u00f6kkel alak\u00edtj\u00e1k ki. A Debreceni V\u00edzm\u0171 Zrt. vez\u00e9rigazgat\u00f3j\u00e1val, \u00a0Gorj\u00e1n Ferenccel is tal\u00e1lkozott a Miron Gerg\u0151, a helyi szakszervezet titk\u00e1ra \u00e9s F\u00fcrjes-G\u00e1bor J\u00f3zsef a VKDSZ eln\u00f6ke. A t\u00e1rsas\u00e1g vezet\u0151je fogad\u00f3k\u00e9sz a szakszervezettel t\u00f6rt\u00e9n\u0151 egy\u00fcttm\u0171k\u00f6d\u00e9sre, \u00e9rdekelt a rendezett munka\u00fcgyi kapcsolatokban. C\u00e9ljai megval\u00f3s\u00edt\u00e1s\u00e1ban a szakszervezetre is sz\u00e1m\u00edt.<\/p>\n<p><strong>\u00c1PB p\u00e1ly\u00e1zat<\/strong>: A korm\u00e1nyzat az \u00e1gazati p\u00e1rbesz\u00e9d bizotts\u00e1gok m\u0171k\u00f6d\u00e9s\u00e9hez p\u00e1ly\u00e1zati kerettel j\u00e1rul hozz\u00e1. A p\u00e1ly\u00e1zatokat az id\u00e9n az ITM (Innov\u00e1ci\u00f3s \u00e9s Technol\u00f3giai Miniszt\u00e9rium) -hez kellett beny\u00fajtani, ahol a VKDSZ 1\u00a0837\u00a0500.- Ft-ot kapott. Ebb\u0151l az EPSU (European Public Service Union \u2013 Eur\u00f3pai K\u00f6zszolg\u00e1ltat\u00e1si Szakszervezeti Uni\u00f3) tagd\u00edj\u00e1t fizetj\u00fck be, valamint a szlov\u00e1kiai f\u00fcrd\u0151s- \u00e9s vizes szakszervezetek k\u00e9pvisel\u0151ivel tal\u00e1lkozunk, illetve egy \u00e9rdekv\u00e9delmi konferenci\u00e1t szervez\u00fcnk a tagszervezeteinknek. Ez ut\u00f3bbi c\u00e9lja, hogy a vizes- \u00e9s f\u00fcrd\u0151s \u00e1gazat tiszts\u00e9gvisel\u0151i szem\u00e9lyis\u00e9gfejleszt\u00e9si, konfliktus-kezel\u00e9si \u00e9s t\u00e1rgyal\u00e1stechnikai tr\u00e9ningen vegyenek r\u00e9szt, tov\u00e1bb\u00e1 megismerj\u00e9k az k\u00e9t \u00e1gazat helyzet\u00e9t, v\u00e1rhat\u00f3 j\u00f6v\u0151j\u00e9t \u00e9s \u00e1ttekints\u00e9k a VKDSZ fenntarthat\u00f3 foglalkoztat\u00e1ssal kapcsolatos elk\u00e9pzel\u00e9seit. Rem\u00e9lhet\u0151en a covid-j\u00e1rv\u00e1ny nem fogja kereszt\u00fclh\u00fazni a sz\u00e1m\u00edt\u00e1sainkat.<\/p>\n<p>&nbsp;<\/p>\n<p><strong>Tervezett Orsz\u00e1gos V\u00e1lasztm\u00e1nyi \u00fcl\u00e9s:<\/strong> A v\u00edrus-j\u00e1rv\u00e1ny miatt cs\u00fasznak programok, \u00edgy a V\u00e1lasztm\u00e1ny \u00fcl\u00e9se is v\u00e1rhat\u00f3an a tervezett szeptember helyett k\u00e9s\u0151bbre ker\u00fcl. Vannak pedig fontosabb t\u00e9m\u00e1k, melyekben \u00e1ll\u00e1sfoglal\u00e1st kell hozni. A kor\u00e1bbi Eln\u00f6ks\u00e9gi \u00fcl\u00e9sen (l\u00e1sd HH ny\u00e1ri lapsz\u00e1m 1.) n\u00e9h\u00e1ny t\u00e9ma megvitat\u00e1sra ker\u00fclt, de a v\u00e9gs\u0151 d\u00f6nt\u00e9st a V\u00e1lasztm\u00e1nynak kell meghozni. Ilyen pl. a \u00a0VKDSZ kapcsolat\u00e1nak m\u00e9rt\u00e9ke \u00e9s form\u00e1ja a MaV\u00edz-zel\u00a0 \u00e9s az OV\u00c1K-kal, az \u00e1gazati strat\u00e9gi\u00e1val kapcsolatos \u00e1ll\u00e1sfoglal\u00e1s tartalma, priorit\u00e1sok meghat\u00e1roz\u00e1sa a v\u00e1rhat\u00f3 \u00e1gazati strukt\u00fara megv\u00e1ltoz\u00e1s\u00e1val kapcsolatban.<\/p>\n<p>&nbsp;<\/p>\n<p><strong>Alap\u00edtv\u00e1nyi h\u00edrek:<\/strong> A VKDSZ Szoci\u00e1lis \u00e9s Oktat\u00e1si Alap\u00edtv\u00e1nya 2020. j\u00falius 16.-\u00e1n tartotta rendk\u00edv\u00fcli \u00fcl\u00e9s\u00e9t, ahol az \u00e1gazatban dolgoz\u00f3 munkav\u00e1llal\u00f3k gyermekei iskol\u00e1ztat\u00e1s\u00e1nak t\u00e1mogat\u00e1s\u00e1r\u00f3l d\u00f6nt\u00f6tt. Elfogadt\u00e1k az egyszeri t\u00e1mogat\u00e1s 2020 \u00e9vi p\u00e1ly\u00e1zati ki\u00edr\u00e1s\u00e1t valamint annak felt\u00e9teleit.<\/p>\n<p>A p\u00e1ly\u00e1zati ki\u00edr\u00e1s, \u00e9s a sz\u00fcks\u00e9ges adatlapok augusztus 24. ut\u00e1n lesznek \u00a0megtal\u00e1lhat\u00f3k a VKDSZ-hez tartoz\u00f3 t\u00e1rsas\u00e1gok Munkahelyi Szakszervezetein\u00e9l.<\/p>\n<p>A p\u00e1ly\u00e1zatok bek\u00fcld\u00e9si hat\u00e1rideje : szeptember 28. lesz. \u00a0A be\u00e9rkez\u0151 p\u00e1ly\u00e1zatokat,\u00a0 az Alap\u00edtv\u00e1ny Kurat\u00f3riuma okt\u00f3ber 20 -\u00e1n b\u00edr\u00e1lja el, melynek eredm\u00e9ny\u00e9r\u0151l minden p\u00e1ly\u00e1z\u00f3t\u00a0 lev\u00e9lben \u00e9rtes\u00edtenek.<\/p>\n<p>&nbsp;<\/p>\n<p>&nbsp;<\/p>\n<p><strong>Tov\u00e1bbra is k\u00e9rj\u00fck a tagszervezeteket, hogy programjaikr\u00f3l, szervezeti v\u00e1ltoz\u00e1saikr\u00f3l \u00e9rtes\u00edts\u00e9k a Heti h\u00edrfolyamot, hogy \u00e9lm\u00e9nyeiket, eredm\u00e9nyeiket megoszthassuk a VKDSZ tags\u00e1g\u00e1val!<\/strong><\/p>\n<p>&nbsp;<\/p>\n<p>&nbsp;<\/p>\n<p>\u00c1d\u00e1m R\u00f3bert J\u00e1nos<\/p>\n<p>\u00fcgyvezet\u0151<\/p>\n<p>06-30\/6401463<\/p>\n","protected":false},"excerpt":{"rendered":"<p>(2020. augusztus VKDSZ- b\u0151v\u00edtett kiad\u00e1s) &nbsp; MaSzeSz egyeztet\u00e9s: Augusztus elej\u00e9n tal\u00e1lkozott a VKDSZ \u00e9s a MaSzeSz vezet\u00e9se. Kov\u00e1cs K\u00e1roly eln\u00f6k \u00e9s Sinka Attila f\u0151titk\u00e1r fogadta F\u00fcrjes-G\u00e1bor J\u00f3zsef eln\u00f6k\u00f6t, Gy\u00f6rgy Attila aleln\u00f6k\u00f6t \u00e9s \u00c1d\u00e1m R\u00f3bert J\u00e1nos \u00fcgyvezet\u0151t. Az ITM levele alapj\u00e1n tudjuk, hogy a Nemzeti V\u00edzik\u00f6zm\u0171-k\u00f6zszolg\u00e1ltat\u00e1si Strat\u00e9gia kidolgoz\u00e1s\u00e1ban k\u00f6zrem\u0171k\u00f6dik a VKDSZ valamint munkaad\u00f3i oldalr\u00f3l a MaV\u00edz&#8230;<\/p>\n","protected":false},"author":1,"featured_media":0,"comment_status":"closed","ping_status":"closed","sticky":false,"template":"","format":"standard","meta":{"footnotes":""},"categories":[16,5],"tags":[],"class_list":["post-1658","post","type-post","status-publish","format-standard","hentry","category-heti-hirek","category-hirek"],"_links":{"self":[{"href":"https:\/\/vkdszsz.hu\/index.php?rest_route=\/wp\/v2\/posts\/1658","targetHints":{"allow":["GET"]}}],"collection":[{"href":"https:\/\/vkdszsz.hu\/index.php?rest_route=\/wp\/v2\/posts"}],"about":[{"href":"https:\/\/vkdszsz.hu\/index.php?rest_route=\/wp\/v2\/types\/post"}],"author":[{"embeddable":true,"href":"https:\/\/vkdszsz.hu\/index.php?rest_route=\/wp\/v2\/users\/1"}],"replies":[{"embeddable":true,"href":"https:\/\/vkdszsz.hu\/index.php?rest_route=%2Fwp%2Fv2%2Fcomments&post=1658"}],"version-history":[{"count":1,"href":"https:\/\/vkdszsz.hu\/index.php?rest_route=\/wp\/v2\/posts\/1658\/revisions"}],"predecessor-version":[{"id":1659,"href":"https:\/\/vkdszsz.hu\/index.php?rest_route=\/wp\/v2\/posts\/1658\/revisions\/1659"}],"wp:attachment":[{"href":"https:\/\/vkdszsz.hu\/index.php?rest_route=%2Fwp%2Fv2%2Fmedia&parent=1658"}],"wp:term":[{"taxonomy":"category","embeddable":true,"href":"https:\/\/vkdszsz.hu\/index.php?rest_route=%2Fwp%2Fv2%2Fcategories&post=1658"},{"taxonomy":"post_tag","embeddable":true,"href":"https:\/\/vkdszsz.hu\/index.php?rest_route=%2Fwp%2Fv2%2Ftags&post=1658"}],"curies":[{"name":"wp","href":"https:\/\/api.w.org\/{rel}","templated":true}]}}