{"id":1745,"date":"2020-12-14T08:10:46","date_gmt":"2020-12-14T08:10:46","guid":{"rendered":"http:\/\/vkdszsz.hu\/?p=1745"},"modified":"2020-12-14T08:10:46","modified_gmt":"2020-12-14T08:10:46","slug":"az-innovacios-es-technologiai-miniszterium-2021-evre-szolo-munkavedelmi-es-munkaugyi-ellenorzesi-iranyelvei","status":"publish","type":"post","link":"https:\/\/vkdszsz.hu\/?p=1745","title":{"rendered":"AZ INNOV\u00c1CI\u00d3S  \u00c9S TECHNOL\u00d3GIAI  MINISZT\u00c9RIUM 2021. \u00c9VRE SZ\u00d3L\u00d3 MUNKAV\u00c9DELMI \u00c9S MUNKA\u00dcGYI ELLEN\u0150RZ\u00c9SI  IR\u00c1NYELVEI"},"content":{"rendered":"<p><strong>AZ INNOV\u00c1CI\u00d3S\u00a0 \u00c9S TECHNOL\u00d3GIAI \u00a0MINISZT\u00c9RIUM 2021. \u00c9VRE SZ\u00d3L\u00d3 MUNKAV\u00c9DELMI \u00c9S MUNKA\u00dcGYI ELLEN\u0150RZ\u00c9SI \u00a0IR\u00c1NYELVEI<\/strong><\/p>\n<p><strong>\u00a0<\/strong><\/p>\n<ol>\n<li><strong>A munkav\u00e9delmi ellen\u0151rz\u00e9s elvei<\/strong><\/li>\n<\/ol>\n<p>&nbsp;<\/p>\n<p>A munkav\u00e9delmi ellen\u0151rz\u00e9st v\u00e9gz\u0151 hat\u00f3s\u00e1g n\u00f6velje az ellen\u0151rz\u00e9sek hat\u00e9konys\u00e1g\u00e1t azok tervez\u00e9s\u00e9vel, az el\u0151zetes bejelent\u00e9ssel v\u00e9gzett \u00e9s els\u0151sorban a 10 f\u0151 feletti munkav\u00e1llal\u00f3i l\u00e9tsz\u00e1mot foglalkoztat\u00f3 munk\u00e1ltat\u00f3k gyakoribb \u00e9s tartalm\u00e1ban r\u00e9szletesebb ellen\u0151rz\u00e9seivel.<\/p>\n<p>&nbsp;<\/p>\n<p>A munkav\u00e9delmi hat\u00f3s\u00e1gi ellen\u0151rz\u00e9s a munkahelyen a munkabiztons\u00e1gi szab\u00e1lyszeg\u00e9sek \u00e9s a munkaeg\u00e9szs\u00e9g\u00fcgyi k\u00f3roki t\u00e9nyez\u0151k felt\u00e1r\u00e1s\u00e1ra \u00e9s vizsg\u00e1lat\u00e1ra egyar\u00e1nt t\u00e9rjen ki. A munkav\u00e9delmi elj\u00e1r\u00e1sok sor\u00e1n gyors \u00e9s szakszer\u0171 elj\u00e1r\u00e1ssal seg\u00edtse a munkav\u00e1llal\u00f3kat \u00e9rt jogs\u00e9rt\u00e9sek felsz\u00e1mol\u00e1s\u00e1t.<\/p>\n<p>A munkav\u00e9delmi ellen\u0151rz\u00e9st v\u00e9gz\u0151 hat\u00f3s\u00e1g min\u00e9l t\u00f6bb olyan munkahelyen folytasson munkav\u00e9delmi ellen\u0151rz\u00e9st, ahol vesz\u00e9lyes munkaeszk\u00f6zt \u00e9s technol\u00f3gi\u00e1t alkalmaznak, zajjal, k\u00e9z-karrezg\u00e9ssel, vesz\u00e9lyes anyagokkal\/kever\u00e9kekkel, r\u00e1kkelt\u0151 vagy mutag\u00e9n anyagok expoz\u00edci\u00f3j\u00e1val, biol\u00f3giai k\u00f3roki t\u00e9nyez\u0151k jelenl\u00e9t\u00e9vel j\u00e1r\u00f3 tev\u00e9kenys\u00e9get folytatnak.<\/p>\n<p>A munkav\u00e9delmi ellen\u0151rz\u00e9st v\u00e9gz\u0151 hat\u00f3s\u00e1g vizsg\u00e1lja fokozottabban a kiemelt v\u00e9delemre szorul\u00f3 munkav\u00e1llal\u00f3k csoportjainak (fiatalkor\u00faak, terhes, nemr\u00e9gen sz\u00fclt, anyatejet ad\u00f3 n\u0151k \u00e9s szoptat\u00f3 any\u00e1k, id\u0151s\u00f6d\u0151k, megv\u00e1ltozott munkak\u00e9pess\u00e9g\u0171ek. mozg\u00e1skorl\u00e1tozott vagy egy\u00e9b testi fogyat\u00e9kos munkav\u00e1llal\u00f3k) foglalkoztat\u00e1si k\u00f6r\u00fclm\u00e9nyeit.<\/p>\n<p>&nbsp;<\/p>\n<p><strong>A 2021. \u00e9vi kiemelten ell\u00e1tand\u00f3 feladatok<\/strong><\/p>\n<p>A munkav\u00e9delmi tartalm\u00fa ismeretekr\u0151l fokozott m\u00e9rt\u00e9k\u0171 tan\u00e1csad\u00e1ssal kell seg\u00edts\u00e9get adni &#8211; k\u00fcl\u00f6n\u00f6sen a mikro, kis- \u00e9s k\u00f6z\u00e9pv\u00e1llalkoz\u00e1sok, a mag\u00e1nmunk\u00e1ltat\u00f3k \u00e9s a szakk\u00e9pz\u0151 int\u00e9zm\u00e9nyek, a szakk\u00e9pz\u00e9sben gyakorlati k\u00e9pz\u0151k\u00e9nt r\u00e9szt vev\u0151k, a k\u00f6zfoglalkoztat\u00f3k, valamint a munkaer\u0151-k\u00f6lcs\u00f6nz\u00e9sben \u00e9rintett munk\u00e1ltat\u00f3k r\u00e9sz\u00e9re<\/p>\n<p>&nbsp;<\/p>\n<p><strong>Az ellen\u0151rizend\u0151 f\u0151bb tev\u00e9kenys\u00e9gi k\u00f6r\u00f6k, szakm\u00e1k, \u00e1gazatok<\/strong><\/p>\n<p>A munkav\u00e9delmi ellen\u0151rz\u00e9st v\u00e9gz\u0151 hat\u00f3s\u00e1gok ford\u00edtsanak fokozott figyelmet a k\u00fcl\u00f6n\u00f6sen vesz\u00e9lyes foglalkoztat\u00e1si \u00e1gazatok munkav\u00e9delmi ellen\u0151rz\u00e9s\u00e9re, mint az <strong>\u00e9p\u00edt\u0151ipar, a mez\u0151gazdas\u00e1g, a feldolgoz\u00f3ipar, a b\u00e1ny\u00e1szat \u00e9s az eg\u00e9szs\u00e9g\u00fcgy.<\/strong><\/p>\n<p><strong>A munkav\u00e9delmi oktat\u00e1sok tartalmi vizsg\u00e1lat\u00e1t a helysz\u00edni ellen\u0151rz\u00e9sen tapasztaltak alapj\u00e1n, els\u0151sorban szab\u00e1lytalan munkav\u00e9gz\u00e9s eset\u00e9n sz\u00fcks\u00e9ges elv\u00e9gezni.<\/strong><\/p>\n<p><strong>Az \u00e9p\u00edt\u0151ipari kivitelez\u00e9si tev\u00e9kenys\u00e9gek c\u00e9lvizsg\u00e1lat\u00e1nak elv\u00e9gz\u00e9s\u00e9vel kell a figyelmet r\u00e1ir\u00e1ny\u00edtani az \u00e1gazat legs\u00falyosabb vesz\u00e9lyforr\u00e1saira.<\/strong><\/p>\n<p>A munkav\u00e9delmi ellen\u0151rz\u00e9st v\u00e9gz\u0151 hat\u00f3s\u00e1gok az illet\u00e9kess\u00e9gi ter\u00fclet\u00fck gazdas\u00e1gi szerkezete, munkabaleseti helyzete \u00e9s az ellen\u0151rz\u00e9si tapasztalataik figyelembe v\u00e9tele alapj\u00e1n tartsanak saj\u00e1t tervez\u00e9s\u0171 c\u00e9lvizsg\u00e1latot az indokolt tev\u00e9kenys\u00e9g, szakma vagy \u00e1gazat munkav\u00e9delmi ellen\u0151rz\u00e9s\u00e9re \u00e9s a tapasztalatokr\u00f3l sz\u00f3l\u00f3 sz\u00e1mszaki \u00e9s sz\u00f6veges \u00f6sszefoglal\u00f3t k\u00fcldj\u00e9k meg a ITM szakmai ir\u00e1ny\u00edt\u00e1s\u00e9rt felel\u0151s szervezeti egys\u00e9ge r\u00e9sz\u00e9re.<\/p>\n<p>&nbsp;<\/p>\n<p>&nbsp;<\/p>\n<ol start=\"2\">\n<li><strong>A munka\u00fcgyi ellen\u0151rz\u00e9s elvei<\/strong><\/li>\n<\/ol>\n<p>&nbsp;<\/p>\n<p>A munka\u00fcgyi ellen\u0151rz\u00e9s els\u0151dleges feladata a legs\u00falyosabb jogs\u00e9rt\u00e9s, <strong>a bejelent\u00e9s n\u00e9lk\u00fcli foglalkoztat\u00e1s felt\u00e1r\u00e1sa, <\/strong>ez\u00e1ltal a feketegazdas\u00e1g visszaszor\u00edt\u00e1sa, a munkav\u00e1llal\u00f3k, illetve a tisztess\u00e9ges v\u00e1llalkoz\u00e1sok alapvet\u0151 \u00e9rdekeinek v\u00e9delme.<\/p>\n<p>&nbsp;<\/p>\n<p>Munkav\u00e1llal\u00f3k alapvet\u0151 \u00e9rdeke, hogy rendelkezzenek a t\u00e9nyleges munkaidej\u00fcknek megfelel\u0151 bejelentett jogviszonnyal.<\/p>\n<p>A jogviszonyok rendezetts\u00e9ge hozz\u00e1j\u00e1rul a foglalkoztatottak sz\u00e1m\u00e1nak n\u00f6vel\u00e9s\u00e9hez, a tisztess\u00e9ges munk\u00e1ltat\u00f3k indokolatlan versenyh\u00e1tr\u00e1ny\u00e1nak cs\u00f6kkent\u00e9s\u00e9hez, valamint a k\u00f6zterhek igazs\u00e1gos \u00e9s egyenl\u0151bb megoszt\u00e1s\u00e1hoz.<\/p>\n<p>&nbsp;<\/p>\n<p>Kiemelt c\u00e9l tov\u00e1bb\u00e1 a munk\u00e1hoz kapcsol\u00f3d\u00f3 garanci\u00e1lis jogok biztos\u00edt\u00e1s\u00e1nak vizsg\u00e1lata, \u00edgy k\u00fcl\u00f6n\u00f6sen a <strong>munkab\u00e9rhez, valamint a Magyarorsz\u00e1g Alapt\u00f6rv\u00e9nye \u00e1ltal is biztos\u00edtott pihen\u0151id\u0151h\u00f6z, \u00e9ves fizetett szabads\u00e1ghoz val\u00f3 jog \u00e9rv\u00e9nyes\u00fcl\u00e9s\u00e9nek, illetve a mindezek alapj\u00e1t k\u00e9pez\u0151, val\u00f3s\u00e1gnak megfelel\u0151 munkaid\u0151 nyilv\u00e1ntart\u00e1s\u00e1ra <\/strong>vonatkoz\u00f3 jogszab\u00e1lyok megtart\u00e1s\u00e1nak ellen\u0151rz\u00e9se.<\/p>\n<p>&nbsp;<\/p>\n<p>A munka\u00fcgyi ellen\u0151rz\u00e9st v\u00e9gz\u0151 hat\u00f3s\u00e1gok &#8211; az er\u0151forr\u00e1sok min\u00e9l hat\u00e9konyabb felhaszn\u00e1l\u00e1sa \u00e9rdek\u00e9ben &#8211; vizsg\u00e1lataikat els\u0151sorban a legs\u00falyosabb jogs\u00e9rt\u00e9sek felt\u00e1r\u00e1s\u00e1ra \u00f6sszpontos\u00edts\u00e1k. Az ellen\u0151rz\u00e9si c\u00e9lpontok kiv\u00e1laszt\u00e1s\u00e1n\u00e1l vegy\u00e9k figyelembe a megel\u0151z\u0151 id\u0151szakban munka\u00fcgyi jogs\u00e91i\u00e9sekkel legink\u00e1bb \u00e9rintett \u00e1gazatokat, a ter\u00fcleti saj\u00e1toss\u00e1gokat, illetve, hogy az ellen\u0151rz\u00e9sbe a megel\u0151z\u0151 id\u0151szakban be nem vont egy-egy \u00e1gazat is a vizsg\u00e1latok r\u00e9sze legyen.<\/p>\n<p>&nbsp;<\/p>\n<p>A munka\u00fcgyi ellen\u0151rz\u00e9sek legal\u00e1bb 20%-a \u00e9rje el az \u00e9p\u00edt\u0151ipar ter\u00fclet\u00e9n m\u0171k\u00f6d\u0151 munk\u00e1ltat\u00f3kat, tekintettel az \u00e1gazatra jellemz\u0151, \u00e9vek \u00f3ta fenn\u00e1ll\u00f3, nagym\u00e9rt\u00e9k\u0171 bejelent\u00e9s n\u00e9lk\u00fcli foglalkoztat\u00e1sra.<\/p>\n<p>&nbsp;<\/p>\n<p>A munkav\u00e1llal\u00f3k rendezett jogviszony\u00e1nak biztos\u00edt\u00e1sa \u00e9s a leg\u00e1lis (ad\u00f3z\u00f3) munkahelyek sz\u00e1m\u00e1nak n\u00f6vel\u00e9se c\u00e9lj\u00e1b\u00f3l <strong>bejelent\u00e9s n\u00e9lk\u00fcli foglalkoztat\u00e1s felt\u00e1r\u00e1sa eset\u00e9n a munk\u00e1ltat\u00f3k legal\u00e1bb 80%-\u00e1t \u00e9rint\u0151en kell vizsg\u00e1lni &#8211; ut\u00f3ellen\u0151rz\u00e9s keret\u00e9ben &#8211; a d\u00f6nt\u00e9s v\u00e9grehajt\u00e1s\u00e1t.<\/strong><\/p>\n<p>&nbsp;<\/p>\n<p>A munka\u00fcgyi ellen\u0151rz\u00e9st v\u00e9gz\u0151 hat\u00f3s\u00e1gok &#8211; \u00e9rt\u00e9kelve a ter\u00fcleti saj\u00e1toss\u00e1gokat &#8211; \u00e9vente legal\u00e1bb egy alkalommal tartsanak vizsg\u00e1latot (akci\u00f3ellen\u0151rz\u00e9s, c\u00e9lvizsg\u00e1lat), tekintettel az illet\u00e9kess\u00e9gi ter\u00fclet foglalkoztat\u00e1si helyzet\u00e9re, \u00e9s a jellemz\u0151 s\u00falyos szab\u00e1lytalans\u00e1gokra.<\/p>\n<p>&nbsp;<\/p>\n<p>A munka\u00fcgyi hat\u00f3s\u00e1g t\u00e1j\u00e9koztat\u00f3, felvil\u00e1gos\u00edt\u00f3 tev\u00e9kenys\u00e9g\u00e9nek f\u0151 c\u00e9lja a prevenci\u00f3. Ennek keret\u00e9ben &#8211; a munkaer\u0151piac szerepl\u0151inek inform\u00e1ci\u00f3s ig\u00e9nyei, valamint a jogszer\u0171 foglalkoztat\u00e1s t\u00e1mogat\u00e1sa c\u00e9lj\u00e1b\u00f3l &#8211; k\u00f6zvetlen t\u00e1j\u00e9koztat\u00e1s biztos\u00edt\u00e1sa sz\u00fcks\u00e9ges a l\u00e9nyeges foglalkoztat\u00e1si szab\u00e1lyokr\u00f3l, azok esetleges v\u00e1ltoz\u00e1sair\u00f3l. Fontos, hogy mind a munkav\u00e1llal\u00f3k mind a munk\u00e1ltat\u00f3k ismerj\u00e9k a munkaviszonyb\u00f3l sz\u00e1rmaz\u00f3 legalapvet\u0151bb jogaikat \u00e9s k\u00f6teless\u00e9geiket, illetve a munk\u00e1ltat\u00f3k sz\u00e1m\u00e1ra egy\u00e9rtelm\u0171en k\u00f6r\u00fclhat\u00e1rolhat\u00f3 legyen a betartand\u00f3 \u00e9s a munka\u00fcgyi ellen\u0151rz\u00e9s keret\u00e9ben vizsg\u00e1lhat\u00f3 munkajogi el\u0151\u00edr\u00e1sok k\u00f6re.<\/p>\n","protected":false},"excerpt":{"rendered":"<p>AZ INNOV\u00c1CI\u00d3S\u00a0 \u00c9S TECHNOL\u00d3GIAI \u00a0MINISZT\u00c9RIUM 2021. \u00c9VRE SZ\u00d3L\u00d3 MUNKAV\u00c9DELMI \u00c9S MUNKA\u00dcGYI ELLEN\u0150RZ\u00c9SI \u00a0IR\u00c1NYELVEI \u00a0 A munkav\u00e9delmi ellen\u0151rz\u00e9s elvei &nbsp; A munkav\u00e9delmi ellen\u0151rz\u00e9st v\u00e9gz\u0151 hat\u00f3s\u00e1g n\u00f6velje az ellen\u0151rz\u00e9sek hat\u00e9konys\u00e1g\u00e1t azok tervez\u00e9s\u00e9vel, az el\u0151zetes bejelent\u00e9ssel v\u00e9gzett \u00e9s els\u0151sorban a 10 f\u0151 feletti munkav\u00e1llal\u00f3i l\u00e9tsz\u00e1mot foglalkoztat\u00f3 munk\u00e1ltat\u00f3k gyakoribb \u00e9s tartalm\u00e1ban r\u00e9szletesebb ellen\u0151rz\u00e9seivel. &nbsp; A munkav\u00e9delmi hat\u00f3s\u00e1gi ellen\u0151rz\u00e9s a&#8230;<\/p>\n","protected":false},"author":1,"featured_media":0,"comment_status":"closed","ping_status":"closed","sticky":false,"template":"","format":"standard","meta":{"footnotes":""},"categories":[5,12],"tags":[],"class_list":["post-1745","post","type-post","status-publish","format-standard","hentry","category-hirek","category-kiemelt-hirek"],"_links":{"self":[{"href":"https:\/\/vkdszsz.hu\/index.php?rest_route=\/wp\/v2\/posts\/1745","targetHints":{"allow":["GET"]}}],"collection":[{"href":"https:\/\/vkdszsz.hu\/index.php?rest_route=\/wp\/v2\/posts"}],"about":[{"href":"https:\/\/vkdszsz.hu\/index.php?rest_route=\/wp\/v2\/types\/post"}],"author":[{"embeddable":true,"href":"https:\/\/vkdszsz.hu\/index.php?rest_route=\/wp\/v2\/users\/1"}],"replies":[{"embeddable":true,"href":"https:\/\/vkdszsz.hu\/index.php?rest_route=%2Fwp%2Fv2%2Fcomments&post=1745"}],"version-history":[{"count":1,"href":"https:\/\/vkdszsz.hu\/index.php?rest_route=\/wp\/v2\/posts\/1745\/revisions"}],"predecessor-version":[{"id":1746,"href":"https:\/\/vkdszsz.hu\/index.php?rest_route=\/wp\/v2\/posts\/1745\/revisions\/1746"}],"wp:attachment":[{"href":"https:\/\/vkdszsz.hu\/index.php?rest_route=%2Fwp%2Fv2%2Fmedia&parent=1745"}],"wp:term":[{"taxonomy":"category","embeddable":true,"href":"https:\/\/vkdszsz.hu\/index.php?rest_route=%2Fwp%2Fv2%2Fcategories&post=1745"},{"taxonomy":"post_tag","embeddable":true,"href":"https:\/\/vkdszsz.hu\/index.php?rest_route=%2Fwp%2Fv2%2Ftags&post=1745"}],"curies":[{"name":"wp","href":"https:\/\/api.w.org\/{rel}","templated":true}]}}