{"id":1748,"date":"2021-01-20T12:24:58","date_gmt":"2021-01-20T12:24:58","guid":{"rendered":"http:\/\/vkdszsz.hu\/?p=1748"},"modified":"2021-01-20T12:24:58","modified_gmt":"2021-01-20T12:24:58","slug":"ha-bekoszont-a-hideg-a-munkahelyeken","status":"publish","type":"post","link":"https:\/\/vkdszsz.hu\/?p=1748","title":{"rendered":"Ha bek\u00f6sz\u00f6nt a hideg a munkahelyeken"},"content":{"rendered":"<p>Az el\u0151rejelz\u00e9sek szerint a h\u00e9t v\u00e9g\u00e9n meg\u00e9rkezik az extr\u00e9m hideg id\u0151. A t\u00e9lies, hideg id\u0151 be\u00e1llt\u00e1val, megszaporodnak a munkav\u00e1llal\u00f3i panaszok a hideg \u00e1rtalom miatt.<\/p>\n<p>&nbsp;<\/p>\n<p>Els\u0151sorban a szabadban v\u00e9gzett munka (\u00e9p\u00edt\u0151ipari tev\u00e9kenys\u00e9g, \u00fat\u00e9p\u00edt\u00e9s, \u00fattiszt\u00edt\u00e1s, hullad\u00e9ksz\u00e1ll\u00edt\u00e1s, mez\u0151gazdas\u00e1gi (\u00e1llattart\u00f3) telepeken v\u00e9gzett munka, fakitermel\u00e9s, k\u00f6zm\u0171vezet\u00e9k \u00e9p\u00edt\u00e9s, hibaelh\u00e1r\u00edt\u00e1s stb.) sor\u00e1n k\u00fcl\u00f6n\u00f6s gondot kell ford\u00edtani a hideg kl\u00edmak\u00f6rnyezet kedvez\u0151tlen hat\u00e1sai elleni fokozott v\u00e9delemre. A megfelel\u0151, sz\u00e1raz, r\u00e9teges, meleg \u00f6lt\u00f6z\u00e9k, sapka, keszty\u0171 \u00e9s vastag zokni, b\u00e9lelt cip\u0151 kell\u0151 v\u00e9delmet ny\u00fajt. A t\u00f6bbr\u00e9teg\u0171 \u00f6lt\u00f6zet jobban szigetel, mert az egyes r\u00e9tegek k\u00f6z\u00f6tti leveg\u0151 is seg\u00edt t\u00e1vol tartani a hideget. A sapka ilyenkor n\u00e9lk\u00fcl\u00f6zhetetlen, hiszen nemcsak a f\u00fcleket v\u00e9di a fagy\u00e1si s\u00e9r\u00fcl\u00e9st\u0151l, hanem a fejen kereszt\u00fcli h\u0151lead\u00e1st is akad\u00e1lyozza.<\/p>\n<p>&nbsp;<\/p>\n<p>A hideg helyen t\u00f6rt\u00e9n\u0151 munkav\u00e9gz\u00e9s \u00e9rsz\u0171k\u00fcletet, a sz\u00f6vetek rosszabb oxig\u00e9nell\u00e1t\u00e1s\u00e1t \u00e9s fagy\u00e1si s\u00e9r\u00fcl\u00e9seket okozhat a munkav\u00e1llal\u00f3knak, amelyet a munkaad\u00f3k megfelel\u0151 v\u00e9delmi int\u00e9zked\u00e9sek megt\u00e9tel\u00e9vel k\u00f6telesek megel\u0151zni. Az eg\u00e9szs\u00e9gk\u00e1ros\u00edt\u00f3 kock\u00e1zatok miatt a hideg munkak\u00f6rnyezetben v\u00e9gzett munka a s\u00e9r\u00fcl\u00e9keny csoportba tartoz\u00f3 fiatalkor\u00faak \u00e9s v\u00e1rand\u00f3s n\u0151k sz\u00e1m\u00e1ra tiltott. A hideg munkak\u00f6rnyezet is a dolgoz\u00f3kat \u00e9r\u0151 megterhel\u00e9sek k\u00f6r\u00e9be tartozik, \u00edgy erre vonatkoz\u00f3an is el kell v\u00e9gezni a kock\u00e1zat\u00e9rt\u00e9kel\u00e9st.<\/p>\n<p>&nbsp;<\/p>\n<p>A 2012. \u00e9vi I. tv. (Munka t\u00f6rv\u00e9nyk\u00f6nyve) 51. \u00a7<\/p>\n<p>&nbsp;<\/p>\n<p>(1) szerint, a munk\u00e1ltat\u00f3 k\u00f6teles a munkav\u00e1llal\u00f3t a munkaszerz\u0151d\u00e9s \u00e9s a munkaviszonyra vonatkoz\u00f3 szab\u00e1lyok szerint foglalkoztatni, tov\u00e1bb\u00e1 &#8211; a felek elt\u00e9r\u0151 meg\u00e1llapod\u00e1sa hi\u00e1ny\u00e1ban &#8211; a munkav\u00e9gz\u00e9shez sz\u00fcks\u00e9ges felt\u00e9teleket biztos\u00edtani.<\/p>\n<p>&nbsp;<\/p>\n<p>(4) A munk\u00e1ltat\u00f3 biztos\u00edtja az eg\u00e9szs\u00e9get nem vesz\u00e9lyeztet\u0151 \u00e9s biztons\u00e1gos munkav\u00e9gz\u00e9s k\u00f6vetelm\u00e9nyeit.<\/p>\n<p>&nbsp;<\/p>\n<p>A 3\/2002 (II.8) E\u00fcM-SzCsM rendelet szerint a munkahely hidegnek min\u0151s\u00fcl, ha a v\u00e1rhat\u00f3 napi k\u00f6z\u00e9ph\u0151m\u00e9rs\u00e9klet a munkaid\u0151 t\u00f6bb mint fel\u00e9ben, szabadt\u00e9ri munkahelyen a +4 \u00b0C-ot, illetve z\u00e1rtt\u00e9ri munkahelyen a +10 \u00b0C-ot nem \u00e9ri el. A kl\u00edmak\u00f6rnyezet kedvez\u0151tlen hat\u00e1sainak megel\u0151z\u00e9se c\u00e9lj\u00e1b\u00f3l munkaszervez\u00e9si int\u00e9zked\u00e9seket kell tenni. \u00d3r\u00e1nk\u00e9nt legal\u00e1bb 5, de legfeljebb 10 perces pihen\u0151id\u0151t kell k\u00f6zbeiktatni. A pihen\u0151id\u0151t a munkak\u00f6rnyezethez k\u00e9pest melegebb (lehet\u0151leg f\u0171t\u00f6tt), megfelel\u0151 \u00fcl\u0151alkalmatoss\u00e1ggal ell\u00e1tott pihen\u0151helyen kell biztos\u00edtani.<\/p>\n<p>&nbsp;<\/p>\n<p>A f\u0171t\u0151testek megv\u00e1laszt\u00e1s\u00e1n\u00e1l \u00e9s elhelyez\u00e9s\u00e9n\u00e9l gondoskodni kell arr\u00f3l, hogy azok ne id\u00e9zhess\u00e9k el\u0151 a munkahely\/pihen\u0151hely leveg\u0151j\u00e9nek szennyez\u00e9s\u00e9t, illetve a munkav\u00e1llal\u00f3k t\u00falzott felmeleged\u00e9s\u00e9t. A g\u00e1zk\u00e9sz\u00fcl\u00e9kek haszn\u00e1lata nem vesz\u00e9lyeztetheti a munkav\u00e1llal\u00f3k eg\u00e9szs\u00e9g\u00e9t \u00e9s biztons\u00e1g\u00e1t. \u00c9g\u00e9sterm\u00e9k-elvezet\u00e9s n\u00e9lk\u00fcli g\u00e1zk\u00e9sz\u00fcl\u00e9kek (pl. prop\u00e1n-but\u00e1n palackkal \u00fczemel\u0151 \u201eszieszta k\u00e1lyh\u00e1k\u201d, h\u0151sug\u00e1rz\u00f3k) nem alkalmazhat\u00f3k k\u00f6zvetlen term\u00e9szetes szell\u0151z\u00e9s n\u00e9lk\u00fcli helyis\u00e9gben, illetve alv\u00e1s, pihen\u00e9s c\u00e9lj\u00e1ra is szolg\u00e1l\u00f3 helyis\u00e9gben, valamint a g\u00e9pj\u00e1rm\u0171vek bels\u0151 ter\u00e9ben. \/Az \u00e9g\u00e9sterm\u00e9k \u00f6sszetev\u0151i k\u00f6z\u00fcl a legvesz\u00e9lyesebb m\u00e9rgez\u0151 g\u00e1z a sz\u00e9n-monoxid (CO). Vesz\u00e9lyess\u00e9g\u00e9t fokozza, hogy sz\u00edntelen, szagtalan: jelenl\u00e9te az emberi \u00e9rz\u00e9kszervekkel nem \u00e9szlelhet\u0151!\/<\/p>\n<p>&nbsp;<\/p>\n<p>A hidegnek min\u0151s\u00fcl\u0151 munkahelyen a munkav\u00e1llal\u00f3k r\u00e9sz\u00e9re +50 \u00b0C h\u0151m\u00e9rs\u00e9klet\u0171 te\u00e1t kell kiszolg\u00e1ltatni. A tea \u00edzes\u00edt\u00e9s\u00e9hez cukrot, illetve \u00e9des\u00edt\u0151szert kell biztos\u00edtani. A v\u00e9d\u0151ital \u00e9s a tea elfogyaszt\u00e1s\u00e1hoz legal\u00e1bb a dolgoz\u00f3k l\u00e9tsz\u00e1m\u00e1t el\u00e9r\u0151 mennyis\u00e9gben, szem\u00e9lyenk\u00e9nt \u00e9s egy\u00e9ni haszn\u00e1latra kiadott iv\u00f3poharakr\u00f3l kell gondoskodni. A v\u00e9d\u0151ital, valamint a tea k\u00e9sz\u00edt\u00e9se, t\u00e1rol\u00e1sa, kiszolg\u00e1l\u00e1sa a k\u00f6zeg\u00e9szs\u00e9g\u00fcgyi k\u00f6vetelm\u00e9nyek betart\u00e1sa mellett t\u00f6rt\u00e9nhet.<\/p>\n<p>&nbsp;<\/p>\n<p>A kock\u00e1zat\u00e9rt\u00e9kel\u00e9s eredm\u00e9nye alapj\u00e1n hideg elleni v\u00e9delmet biztos\u00edt\u00f3 egy\u00e9ni v\u00e9d\u0151eszk\u00f6z, v\u00e9d\u0151ruha (pl. meleg sapka, t\u00e9lies\u00edtett v\u00e9d\u0151kab\u00e1t vagy v\u00e9d\u0151mell\u00e9ny, b\u00e9lelt v\u00e9d\u0151 l\u00e1bbeli, hideg elleni v\u00e9d\u0151keszty\u0171 stb.) biztos\u00edt\u00e1sa sz\u00fcks\u00e9ges.<\/p>\n<p>&nbsp;<\/p>\n<p>A \u201enorm\u00e1l\u201d munkak\u00f6r\u00fclm\u00e9nyekt\u0151l elt\u00e9r\u0151 viszonyokra, azaz a biztons\u00e1gos munkav\u00e9gz\u00e9s k\u00f6vetelm\u00e9nyeinek v\u00e1ltoz\u00e1saira, az 1993.\u00e9vi XCIII tv. 55\u00a7 (1) bek b. pontj\u00e1ban le\u00edrtak szerint a munkav\u00e1llal\u00f3kat oktat\u00e1s keret\u00e9ben t\u00e1j\u00e9koztatni kell. A munkav\u00e9delmi oktat\u00e1s sor\u00e1n a felsorolt vesz\u00e9lyforr\u00e1sok \u00e9s a sz\u00fcks\u00e9ges megel\u0151z\u0151 int\u00e9zked\u00e9sek mellett fel kell h\u00edvni a munkav\u00e1llal\u00f3k figyelm\u00e9t, hogy figyeljenek egym\u00e1sra, b\u00e1rmilyen eg\u00e9szs\u00e9gi \u00e1llapotukkal \u00f6sszef\u00fcgg\u0151 panasz, rosszull\u00e9t, valamint s\u00e9r\u00fcl\u00e9s eset\u00e9n a tev\u00e9kenys\u00e9get azonnal hagyj\u00e1k abba, \u00e9s ig\u00e9nyelj\u00e9k a munkahelyi els\u0151seg\u00e9lyny\u00fajt\u00e1st vagy az orvosi ell\u00e1t\u00e1st, k\u00e9rjenek seg\u00edts\u00e9get.<\/p>\n<p>&nbsp;<\/p>\n<p>Misk\u00e9ri L\u00e1szl\u00f3<\/p>\n","protected":false},"excerpt":{"rendered":"<p>Az el\u0151rejelz\u00e9sek szerint a h\u00e9t v\u00e9g\u00e9n meg\u00e9rkezik az extr\u00e9m hideg id\u0151. A t\u00e9lies, hideg id\u0151 be\u00e1llt\u00e1val, megszaporodnak a munkav\u00e1llal\u00f3i panaszok a hideg \u00e1rtalom miatt. &nbsp; Els\u0151sorban a szabadban v\u00e9gzett munka (\u00e9p\u00edt\u0151ipari tev\u00e9kenys\u00e9g, \u00fat\u00e9p\u00edt\u00e9s, \u00fattiszt\u00edt\u00e1s, hullad\u00e9ksz\u00e1ll\u00edt\u00e1s, mez\u0151gazdas\u00e1gi (\u00e1llattart\u00f3) telepeken v\u00e9gzett munka, fakitermel\u00e9s, k\u00f6zm\u0171vezet\u00e9k \u00e9p\u00edt\u00e9s, hibaelh\u00e1r\u00edt\u00e1s stb.) sor\u00e1n k\u00fcl\u00f6n\u00f6s gondot kell ford\u00edtani a hideg kl\u00edmak\u00f6rnyezet kedvez\u0151tlen hat\u00e1sai&#8230;<\/p>\n","protected":false},"author":1,"featured_media":0,"comment_status":"closed","ping_status":"closed","sticky":false,"template":"","format":"standard","meta":{"footnotes":""},"categories":[5,12],"tags":[],"class_list":["post-1748","post","type-post","status-publish","format-standard","hentry","category-hirek","category-kiemelt-hirek"],"_links":{"self":[{"href":"https:\/\/vkdszsz.hu\/index.php?rest_route=\/wp\/v2\/posts\/1748","targetHints":{"allow":["GET"]}}],"collection":[{"href":"https:\/\/vkdszsz.hu\/index.php?rest_route=\/wp\/v2\/posts"}],"about":[{"href":"https:\/\/vkdszsz.hu\/index.php?rest_route=\/wp\/v2\/types\/post"}],"author":[{"embeddable":true,"href":"https:\/\/vkdszsz.hu\/index.php?rest_route=\/wp\/v2\/users\/1"}],"replies":[{"embeddable":true,"href":"https:\/\/vkdszsz.hu\/index.php?rest_route=%2Fwp%2Fv2%2Fcomments&post=1748"}],"version-history":[{"count":1,"href":"https:\/\/vkdszsz.hu\/index.php?rest_route=\/wp\/v2\/posts\/1748\/revisions"}],"predecessor-version":[{"id":1749,"href":"https:\/\/vkdszsz.hu\/index.php?rest_route=\/wp\/v2\/posts\/1748\/revisions\/1749"}],"wp:attachment":[{"href":"https:\/\/vkdszsz.hu\/index.php?rest_route=%2Fwp%2Fv2%2Fmedia&parent=1748"}],"wp:term":[{"taxonomy":"category","embeddable":true,"href":"https:\/\/vkdszsz.hu\/index.php?rest_route=%2Fwp%2Fv2%2Fcategories&post=1748"},{"taxonomy":"post_tag","embeddable":true,"href":"https:\/\/vkdszsz.hu\/index.php?rest_route=%2Fwp%2Fv2%2Ftags&post=1748"}],"curies":[{"name":"wp","href":"https:\/\/api.w.org\/{rel}","templated":true}]}}