{"id":1854,"date":"2021-10-07T07:35:59","date_gmt":"2021-10-07T07:35:59","guid":{"rendered":"http:\/\/vkdszsz.hu\/?p=1854"},"modified":"2021-10-07T07:35:59","modified_gmt":"2021-10-07T07:35:59","slug":"2021-augusztus-szeptember-vkdsz-7-lapszam","status":"publish","type":"post","link":"https:\/\/vkdszsz.hu\/?p=1854","title":{"rendered":"(2021. augusztus- szeptember VKDSZ) 7. lapsz\u00e1m"},"content":{"rendered":"<p><strong>Alf\u00f6ldv\u00edz:<\/strong> Az Alf\u00f6ldv\u00edz Szakszervezet k\u00e9pvisel\u0151i, Bende Fl\u00f3ra \u00e9s Misk\u00e9ri L\u00e1szl\u00f3 valamint a VKDSZ eln\u00f6ke F\u00fcrjes- G\u00e1bor J\u00f3zsef, egyeztet\u0151 t\u00e1rgyal\u00e1st folytatott a Nemzeti Vagyon Kezel\u00e9s\u00e9\u00e9rt Felel\u0151s T\u00e1rca N\u00e9lk\u00fcli Miniszter hivatal\u00e1ban<br \/>\n2021. szeptember 9.-\u00e9n. Korm\u00e1ny oldalr\u00f3l<br \/>\nDr. Juh\u00e1sz Edit \u00e1llamtitk\u00e1r asszony, Dr. F\u00f3nagy J\u00e1nos<br \/>\nminiszter helyettes, parlamenti \u00e1llamtitk\u00e1r, Dr. Schieszl Ferenc -Nemzeti v\u00edzm\u0171vek- operat\u00edv igazgat\u00f3 vett r\u00e9szt. Dr. Juh\u00e1sz Edit \u00e1llamtitk\u00e1r asszony r\u00e9szletes t\u00e1j\u00e9koztat\u00e1st adott az<br \/>\nALF\u00d6LDV\u00cdZ Zrt.-t \u00e9rint\u0151 v\u00e1rhat\u00f3 v\u00e1ltoz\u00e1sokr\u00f3l, a tulajdonosi szerkezet<br \/>\n\u00e1talakul\u00e1s\u00e1r\u00f3l. T\u00e1j\u00e9koztat\u00f3ja szerint az ALF\u00d6LDV\u00cdZ Zrt. egyben marad, a<br \/>\nNemzeti V\u00edzm\u0171vek Zrt. szakmai ir\u00e1ny\u00edt\u00e1s\u00e1val.<\/p>\n<p>Szakszervezeti oldalr\u00f3l m\u00e1s gondok mellett elmondt\u00e1k, hogy\u00a0 a munkab\u00e9rek<br \/>\nmegal\u00e1z\u00f3an alacsonyak. Adatokkal t\u00e1masztott\u00e1k al\u00e1, hogy az<br \/>\nALF\u00d6LDV\u00cdZ Zrt. munkav\u00e1llal\u00f3i kb. 12%-kal vannak elmaradva az \u00f6t t\u00f6bbs\u00e9gi \u00e1llami tulajdonban l\u00e9v\u0151 t\u00e1rsas\u00e1gt\u00f3l. K\u00e9r\u00e9s\u00fck volt, hogy a b\u00e9rfelz\u00e1rk\u00f3ztat\u00e1s soron k\u00edv\u00fcl megval\u00f3suljon meg.<\/p>\n<p>Sajnos, erre \u00e1llamtitk\u00e1r asszony nem tudott megnyugtat\u00f3 v\u00e1laszt adni. Addig, am\u00edg a t\u00e1rsas\u00e1g bels\u0151 \u00e1tvil\u00e1g\u00edt\u00e1sa le nem zajlik, illetve ameddig a tulajdonosok<br \/>\nsz\u00e1nd\u00e9knyilatkozata nem \u00e9rkezik meg (a tulajdonr\u00e9sz\u00fck \u00e1llam r\u00e9sz\u00e9re<br \/>\nt\u00f6rt\u00e9n\u0151 \u00e1tad\u00e1s\u00e1r\u00f3l) addig felel\u0151ss\u00e9ggel nem tud kedvez\u0151<br \/>\nv\u00e1laszt adni. V\u00e9lem\u00e9nye szerint ezek az \u00e9v v\u00e9g\u00e9vel, illetve a j\u00f6v\u0151<br \/>\n\u00e9v els\u0151 egy-k\u00e9t h\u00f3napj\u00e1ban megt\u00f6rt\u00e9nnek.<\/p>\n<p>\u00c9rdekv\u00e9delmi oldalr\u00f3l jelezt\u00e9k, hogy a<br \/>\nfluktu\u00e1ci\u00f3 m\u00e9rt\u00e9ke ak\u00e1r a szolg\u00e1ltat\u00e1s biztons\u00e1g\u00e1t vesz\u00e9lyezteti.<br \/>\nK\u00e9rd\u00e9s\u00fck volt tov\u00e1bb\u00e1, hogy a t\u00f6bbs\u00e9gi \u00e1llami tulajdonba ker\u00fcl\u00e9s eset\u00e9n<br \/>\nkell-e att\u00f3l tartani, hogy munkav\u00e1llal\u00f3i l\u00e9tsz\u00e1mot cs\u00f6kkentik vagy\u00a0 terveznek-e esetlegesen kiszervez\u00e9st? A v\u00e1lasz mindk\u00e9t k\u00e9rd\u00e9sre nemleges volt.<br \/>\nAz \u00e1llamtitk\u00e1r asszony azonban elmondta, hogy a c\u00e9g ir\u00e1ny\u00edt\u00e1si<br \/>\nrendszer\u00e9t is vizsg\u00e1lj\u00e1k, ez\u00e9rt nem tartja val\u00f3sz\u00edn\u0171tlennek, hogy<br \/>\nbizonyos szinten t\u00f6rt\u00e9nhet v\u00e1ltoztat\u00e1s. Kijelentette tov\u00e1bb\u00e1, hogy nyitott<br \/>\na tov\u00e1bbi egyeztet\u00e9sre.<\/p>\n<p><strong>\u00a0<\/strong><\/p>\n<p><strong>\u00a0<\/strong><\/p>\n<p><strong>\u00a0<\/strong><\/p>\n<p><strong>KSZ t\u00e1rgyal\u00e1sok a BGYH Zrt.-n\u00e9l: <\/strong>H\u00f3napok \u00f3ta folynak a t\u00e1rgyal\u00e1sok a KSZ meg\u00faj\u00edt\u00e1s\u00e1val kapcsolatosan. A m\u00f3dos\u00edt\u00e1st a munkaad\u00f3 kezdem\u00e9nyezte, s minden pozit\u00edv nyilatkozat ellen\u00e9re, nem kedvez\u0151 a munkav\u00e1llal\u00f3k szempontj\u00e1b\u00f3l. A maratoni egyezetet\u00e9sbe a VKDSZ eln\u00f6ke is becsatlakozott, s\u0151t a t\u00e1rgyal\u00e1sok rendszeres r\u00e9sztvev\u0151je a VKDSZ munka\u00fcgyi szak\u00e9rt\u0151je is, aki szakmai v\u00e9lem\u00e9ny\u00e9vel, k\u00f6zvet\u00edt\u0151 szerep\u00e9vel seg\u00edti a k\u00f6z\u00f6s pontok megtal\u00e1l\u00e1s\u00e1t. A k\u00e9t oldal \u00e1ll\u00e1spontj\u00e1ban elindult a k\u00f6zeled\u00e9s. Vannak r\u00e9szeredm\u00e9nyek, de a v\u00e9gs\u0151 meg\u00e1llapod\u00e1s m\u00e9g v\u00e1rat mag\u00e1ra.<\/p>\n<p>&nbsp;<\/p>\n<p><strong>\u00a0<\/strong><\/p>\n<p><strong>\u00a0<\/strong><\/p>\n<p><strong>\u00a0<\/strong><\/p>\n<p><strong>\u00c9rdekv\u00e9delmi konferencia 2021. szeptember: <\/strong>A szigor\u00fa covid-el\u0151\u00edr\u00e1sok ellen\u00e9re nagy sz\u00e1m\u00fa jelentkez\u0151 r\u00e9szv\u00e9tele mellett zajlott a VKDSZ szok\u00e1sos \u00e9ves \u00e9rdekv\u00e9delmi konferenci\u00e1ja. A visszajelz\u00e9sek alapj\u00e1n sikeres \u00e9rdekv\u00e9delmi konferenci\u00e1n, a kor\u00e1bbiakt\u00f3l elt\u00e9r\u0151en nemcsak a VKDSZ tagszervezetei k\u00e9pvisel\u0151i vehettek r\u00e9szt, da az \u00e1gazatban m\u0171k\u00f6d\u0151, de vagy kil\u00e9pett vagy m\u00e1s sz\u00f6vets\u00e9ghez tartoz\u00f3 szakszervezetek k\u00e9pvisel\u0151i is. A k\u00f6lts\u00e9geket a V\u00edzik\u00f6zm\u0171 \u00c1PB \u00e1ltal nyert t\u00e1mogat\u00e1sb\u00f3l fedezt\u00e9k. Dr. Csernus Imre pszichi\u00e1ter a \u201ef\u00e9lni vagy nem f\u00e9lni\u201d t\u00e9mak\u00f6r\u00e9ben k\u00e9sz\u00edtette fel a jelenl\u00e9v\u0151ket az \u00e9rdekv\u00e9delmi munk\u00e1ra, s az ahhoz sz\u00fcks\u00e9ges \u00f6nbecs\u00fcl\u00e9s, magabiztoss\u00e1g \u00e9s felel\u0151ss\u00e9g bels\u0151 meger\u0151s\u00edt\u00e9s\u00e9re.<\/p>\n<p>Dr. T\u00f3th Hilda, az MVTSZ k\u00e9pvisel\u0151je m\u00e1r kor\u00e1bbi el\u0151ad\u00e1saival is lebilincselte a r\u00e9sztvev\u0151ket. Az egys\u00e9ges \u00e1gazati foglalkoztat\u00e1si szab\u00e1lyokr\u00f3l \u00e9s az \u00e1gazati kollekt\u00edv szerz\u0151d\u00e9s fontoss\u00e1g\u00e1r\u00f3l tartott el\u0151ad\u00e1s\u00e1t most is nagy \u00e9rdekl\u0151d\u00e9s mellett tartotta.<\/p>\n<p>&nbsp;<\/p>\n<p>Nemesk\u00e9ri Gyula a VKDSZ szervezetfejleszt\u00e9s\u00e9nek \u00e9s ezzel kapcsolatos \u00e9rdek\u00e9rv\u00e9nyes\u00edt\u00e9si potenci\u00e1lj\u00e1nak n\u00f6veked\u00e9se t\u00e9m\u00e1j\u00e1ban igyekezett meggy\u0151zni a hallgat\u00f3s\u00e1got arr\u00f3l, hogy er\u0151s, \u00fct\u0151k\u00e9pes k\u00f6zponti appar\u00e1tus n\u00e9lk\u00fcl a mai felt\u00e9telrendszerben nagyon neh\u00e9z m\u0171k\u00f6dni \u00e9s sikeresnek lenni.<\/p>\n<p>&nbsp;<\/p>\n<p>Szok\u00e1sosan besz\u00e1molt az aktu\u00e1lis m\u0171k\u00f6d\u00e9s\u00e9r\u0151l a k\u00e9t nagy VKDSZ t\u00e1mogat\u00e1s\u00e1val alakult szervezet vezet\u0151je is. T\u00f6r\u00f6k L\u00e1szl\u00f3 a Bizalom \u00d6nk\u00e9ntes Nyugd\u00edjp\u00e9nzt\u00e1r eredm\u00e9nyeir\u0151l, m\u00edg Kabai Tibor a V\u00edzfolyam K\u00f6zhaszn\u00fa Nyugd\u00edjas Sz\u00f6vetkezet sikereir\u0151l sz\u00e1molt be.<\/p>\n<p>&nbsp;<\/p>\n<p>A tal\u00e1n legnagyobb izgalommal v\u00e1rt el\u0151ad\u00e1s a Nemzeti V\u00edzm\u0171vek Zrt. vez\u00e9rigazgat\u00f3ja, Volencsik Zsolt \u00e9s HR projekt vezet\u0151je, Nagy Attila tartotta t\u00e1j\u00e9koztat\u00f3 volt, mely a Nemzeti V\u00edzm\u0171vek HR strat\u00e9gi\u00e1j\u00e1nak r\u00e9szleteibe engedett betekint\u00e9st.<\/p>\n<p>A rendezv\u00e9ny a szok\u00e1sos szakmai, \u00e9rdekv\u00e9delmi k\u00e9rd\u00e9seken t\u00fal egy t\u00e9nyleg \u00e1gazati szint\u0171 \u00f6sszefog\u00e1sra is lehet\u0151s\u00e9get adott. Felh\u00edv\u00e1st int\u00e9zett az \u00e1gazat valamennyi szakszervezet\u00e9hez \u00e9s munkav\u00e1llal\u00f3j\u00e1hoz, hogy t\u00e1mogass\u00e1k a T\u00f6bbmunk\u00e1ltat\u00f3s KSZ kiterjeszt\u00e9s\u00e9t a teljes \u00e1gazatra.<\/p>\n<p><strong>\u00a0<\/strong><\/p>\n<p><strong>\u00a0<\/strong><\/p>\n<p><strong>\u00a0<\/strong><\/p>\n<p><strong>\u00a0<\/strong><\/p>\n<p><strong>TKSZ kiterjeszt\u00e9s:<\/strong> Az \u00e9rdekv\u00e9delmi konferenci\u00e1n elhangzott felh\u00edv\u00e1sra sorra \u00e9rkeznek a visszajelz\u00e9sek a tagszervezeteinkt\u0151l \u00e9s a t\u00e1rsszervezetekt\u0151l (kil\u00e9pett vagy m\u00e1s szakszervezeti t\u00f6m\u00f6r\u00fcl\u00e9shez tartoz\u00f3 szervezetekt\u0151l). A t\u00f6bbmunk\u00e1ltat\u00f3 kollekt\u00edv szerz\u0151d\u00e9s kiterjeszt\u00e9s\u00e9nek ig\u00e9nye m\u00e1r a teljes \u00e1gazat valamennyi \u00e9rdekk\u00e9pviseleti szervezet\u00e9re vonatkoz\u00f3an megjelent. Elt\u0171ntek azok az agg\u00e1lyok, amelyek ezzel kapcsolatosan n\u00e9h\u00e1ny tiszts\u00e9gvisel\u0151ben, szervezetben megvoltak. A helyi KSZ-ek a t\u00f6rv\u00e9nyb\u0151l ad\u00f3d\u00f3an is lehetnek jobbak, mint az \u00c1KSZ.<\/p>\n<p>A t\u00e9m\u00e1t \u00e9rint\u0151en m\u00e1r kezdem\u00e9nyezt\u00fck a V\u00edzik\u00f6zm\u0171 \u00c1PB \u00f6sszeh\u00edv\u00e1s\u00e1t, hogy az egys\u00e9ges munkav\u00e1llal\u00f3i \u00e1ll\u00e1spontot megismertess\u00fck a munkaad\u00f3i partnereinkkel, javasolva a kiterjeszt\u00e9ssel kapcsolatos t\u00e1rgyal\u00e1sok megkezd\u00e9s\u00e9t.<\/p>\n<p>Folyik az \u00c1KSZ sz\u00f6veg\u00e9nek az \u00e9rv\u00e9nyes jogszab\u00e1lyi felt\u00e9telek alapj\u00e1n t\u00f6rt\u00e9n\u0151 pontos\u00edt\u00e1sa. Dolgozunk az \u00e1gazati munkak\u00f6ri \u00e9rt\u00e9kel\u00e9sek, besorol\u00e1sok, b\u00e9rtarifa rendszer r\u00e9szleteinek kidolgoz\u00e1s\u00e1n \u00e9s a be\u00e9p\u00edthet\u0151s\u00e9g\u00e9nek lehet\u0151s\u00e9g\u00e9n.<\/p>\n<p>&nbsp;<\/p>\n<p><strong>\u00a0<\/strong><\/p>\n<p><strong>Szlov\u00e1kiai partnereink:<\/strong> Az EPSU tags\u00e1gon k\u00edv\u00fcl (\u00e9s az\u00a0 ezzel kapcsolatos levelez\u00e9sek, k\u00e9rd\u0151\u00edvek, munkaanyagok \u00e9rkez\u00e9se stb.) egy \u00e9l\u0151, s szerencs\u00e9sen id\u0151szakosan szem\u00e9lyes nemzetk\u00f6zi kapcsolatunk van a szlov\u00e1k vizesekkel \u00e9s f\u00fcrd\u0151s\u00f6kkel.\u00a0 Az elm\u00falt \u00e9vben a nemzetk\u00f6zi kapcsolatainkra, mint annyi m\u00e1sra is r\u00e1nyomta a b\u00e9lyeg\u00e9t a covid-j\u00e1rv\u00e1ny. Akkor a m\u00e1r hagyom\u00e1nyos, az \u00c1PB \u00e1ltal finansz\u00edrozott, tal\u00e1lkoz\u00f3 elmaradt, s az idei megtart\u00e1sa is bizonytalan. Javaslatunk szerint a tervezett \u00e9vz\u00e1r\u00f3 \u00e9rtekezlet egyik programjak\u00e9nt jelenhetne meg. Sz\u00e1nd\u00e9kunkat jelezt\u00fck fel\u00e9j\u00fck, visszajelz\u00e9s\u00fck pozit\u00edv.<\/p>\n<p><strong>\u00a0<\/strong><\/p>\n<p><strong>Sikeres befektet\u00e9s a VKDSZ-n\u00e9l:<\/strong> A sz\u0171k\u00f6s anyagi lehet\u0151s\u00e9gek k\u00f6z\u00f6tt is a VKDSZ igyekszik tartal\u00e9kot k\u00e9pezni. Ebb\u0151l ak\u00e1r sztr\u00e1jkfinansz\u00edroz\u00e1sra, ak\u00e1r \u00fcd\u00fcl\u0151v\u00e1s\u00e1rl\u00e1sra, ak\u00e1r m\u00e1s, hasznos befektet\u00e9sre is juthat. A VKDSZ p\u00e9nz\u00fcgyi tartal\u00e9kai br\u00f3ker seg\u00edts\u00e9g\u00e9vel befektet\u00e9sre ker\u00fcltek, mely eredm\u00e9nye mintegy 20 %-os (11 milli\u00f3s) hozamot eredm\u00e9nyezett az elm\u00falt p\u00e1r \u00e9vben. A kock\u00e1zatok \u00e9s a t\u0151kenagys\u00e1g miatt m\u00e1r vagyonkezel\u0151 kiv\u00e1laszt\u00e1sa javasolt. A t\u00e9m\u00e1ban rendk\u00edv\u00fcli Eln\u00f6ks\u00e9gi \u00fcl\u00e9s \u00f6sszeh\u00edv\u00e1s\u00e1t kezdem\u00e9nyezett az eln\u00f6k, s v\u00e1rhat\u00f3an okt\u00f3ber k\u00f6zep\u00e9n a br\u00f3ker \u00e9s a potenci\u00e1lis vagyonkezel\u0151 r\u00e9szv\u00e9tel\u00e9vel d\u00f6ntenek a k\u00e9rd\u00e9sr\u0151l.<\/p>\n<p><strong>\u00a0<\/strong><\/p>\n<p><strong>Tiszt\u00faj\u00edt\u00e1s:<\/strong> A LIGA Szakszervezetek tiszt\u00faj\u00edt\u00e1s\u00e1val kapcsolatos, &#8211; V\u00e1lasztm\u00e1nnyal \u00e9s Eln\u00f6ks\u00e9ggel is egyeztetett \u2013 jel\u00f6l\u00e9s\u00fcnket leadtuk, ami l\u00e9nyeg\u00e9ben a status quo fenntart\u00e1s\u00e1t er\u0151s\u00edti. A jel\u00f6l\u00e9sek megismer\u00e9se alapj\u00e1n l\u00e1that\u00f3, hogy vannak bels\u0151 vit\u00e1k, v\u00e1ltoztat\u00e1si ig\u00e9nyek is a LIGA vezet\u00e9s\u00e9ben. B\u00edzunk benne, hogy a sz\u00e1munkra kedvez\u0151en alakulnak majd a v\u00e1laszt\u00e1s eredm\u00e9nyei.<\/p>\n<p><em>\u00a0<\/em><\/p>\n<p><strong>Tov\u00e1bbra is k\u00e9rj\u00fck a tagszervezeteket<\/strong>, hogy programjaikr\u00f3l, szervezeti v\u00e1ltoz\u00e1saikr\u00f3l \u00e9rtes\u00edts\u00e9k a Heti h\u00edrfolyamot, hogy \u00e9lm\u00e9nyeiket, eredm\u00e9nyeiket megoszthassuk a VKDSZ tags\u00e1g\u00e1val!<\/p>\n<p><strong>\u00a0<\/strong><\/p>\n<p><strong>\u00a0<\/strong><\/p>\n<p>\u00c1d\u00e1m R\u00f3bert J\u00e1nos<\/p>\n<p>\u00fcgyvezet\u0151<\/p>\n<p>06-30\/6401463<\/p>\n","protected":false},"excerpt":{"rendered":"<p>Alf\u00f6ldv\u00edz: Az Alf\u00f6ldv\u00edz Szakszervezet k\u00e9pvisel\u0151i, Bende Fl\u00f3ra \u00e9s Misk\u00e9ri L\u00e1szl\u00f3 valamint a VKDSZ eln\u00f6ke F\u00fcrjes- G\u00e1bor J\u00f3zsef, egyeztet\u0151 t\u00e1rgyal\u00e1st folytatott a Nemzeti Vagyon Kezel\u00e9s\u00e9\u00e9rt Felel\u0151s T\u00e1rca N\u00e9lk\u00fcli Miniszter hivatal\u00e1ban 2021. szeptember 9.-\u00e9n. Korm\u00e1ny oldalr\u00f3l Dr. Juh\u00e1sz Edit \u00e1llamtitk\u00e1r asszony, Dr. F\u00f3nagy J\u00e1nos miniszter helyettes, parlamenti \u00e1llamtitk\u00e1r, Dr. Schieszl Ferenc -Nemzeti v\u00edzm\u0171vek- operat\u00edv igazgat\u00f3 vett r\u00e9szt&#8230;.<\/p>\n","protected":false},"author":1,"featured_media":0,"comment_status":"closed","ping_status":"closed","sticky":false,"template":"","format":"standard","meta":{"footnotes":""},"categories":[16,5],"tags":[],"class_list":["post-1854","post","type-post","status-publish","format-standard","hentry","category-heti-hirek","category-hirek"],"_links":{"self":[{"href":"https:\/\/vkdszsz.hu\/index.php?rest_route=\/wp\/v2\/posts\/1854","targetHints":{"allow":["GET"]}}],"collection":[{"href":"https:\/\/vkdszsz.hu\/index.php?rest_route=\/wp\/v2\/posts"}],"about":[{"href":"https:\/\/vkdszsz.hu\/index.php?rest_route=\/wp\/v2\/types\/post"}],"author":[{"embeddable":true,"href":"https:\/\/vkdszsz.hu\/index.php?rest_route=\/wp\/v2\/users\/1"}],"replies":[{"embeddable":true,"href":"https:\/\/vkdszsz.hu\/index.php?rest_route=%2Fwp%2Fv2%2Fcomments&post=1854"}],"version-history":[{"count":1,"href":"https:\/\/vkdszsz.hu\/index.php?rest_route=\/wp\/v2\/posts\/1854\/revisions"}],"predecessor-version":[{"id":1855,"href":"https:\/\/vkdszsz.hu\/index.php?rest_route=\/wp\/v2\/posts\/1854\/revisions\/1855"}],"wp:attachment":[{"href":"https:\/\/vkdszsz.hu\/index.php?rest_route=%2Fwp%2Fv2%2Fmedia&parent=1854"}],"wp:term":[{"taxonomy":"category","embeddable":true,"href":"https:\/\/vkdszsz.hu\/index.php?rest_route=%2Fwp%2Fv2%2Fcategories&post=1854"},{"taxonomy":"post_tag","embeddable":true,"href":"https:\/\/vkdszsz.hu\/index.php?rest_route=%2Fwp%2Fv2%2Ftags&post=1854"}],"curies":[{"name":"wp","href":"https:\/\/api.w.org\/{rel}","templated":true}]}}