{"id":657,"date":"2011-01-01T08:21:39","date_gmt":"2011-01-01T08:21:39","guid":{"rendered":"http:\/\/vkdszsz.hu\/?p=657"},"modified":"2018-06-15T08:23:22","modified_gmt":"2018-06-15T08:23:22","slug":"nemzetkozi-kapcsolataink","status":"publish","type":"post","link":"https:\/\/vkdszsz.hu\/?p=657","title":{"rendered":"Nemzetk\u00f6zi kapcsolataink"},"content":{"rendered":"<p>A VKDSZ tagja a Nemzetk\u00f6zi K\u00f6zszolg\u00e1ltat\u00e1si Szakszervezeti Sz\u00f6vets\u00e9gnek \/PSI-Public Service Internacionale\/.<br \/>\nLink:\u00a0<a href=\"http:\/\/www.epsu.org\/\" target=\"_blank\" rel=\"noopener\">http:\/\/www.epsu.org\/<\/a><\/p>\n<p>&nbsp;<\/p>\n<p>PSI (Public Service Internacionale) K\u00f6z\u00e9p-Eur\u00f3pai Viz\u00fcgyi Konferencia (Szlov\u00e1kia)<\/p>\n<p>&nbsp;<\/p>\n<p>A konferenci\u00e1n n\u00e9gy k\u00f6z\u00e9p-eur\u00f3pai \u00e1llam (cseh, magyar, szlov\u00e1k, szlov\u00e9n) vizik\u00f6zm\u0171 \u00e1gazat\u00e1nak munkaad\u00f3i (nem minden orsz\u00e1gb\u00f3l) \u00e9s munkav\u00e1llal\u00f3i szervezeteinek k\u00e9pvisel\u0151i vettek r\u00e9szt. V\u00edzumprobl\u00e9m\u00e1k miatt nem tudtak r\u00e9szt venni a volt Jugoszl\u00e1via ut\u00f3d\u00e1llamai.<\/p>\n<p>&nbsp;<\/p>\n<p>A konferenci\u00e1n \u00e1ttekintett\u00e9k a vizik\u00f6zm\u0171 ter\u00fclet jelenlegi helyzet\u00e9t az \u00e9rintett t\u00e9rs\u00e9gben, ill. k\u00fcl\u00f6n-k\u00fcl\u00f6n a r\u00e9sztvev\u0151 orsz\u00e1gokban. Kiemelten foglalkoztak a vizik\u00f6zm\u0171 ter\u00fcleten eddig beindult v\u00e1ltoz\u00e1sokkal (\u00fajrastruktur\u00e1l\u00f3d\u00e1ssal), k\u00fcl\u00f6n\u00f6sen a privatiz\u00e1ci\u00f3val ill. az erre adand\u00f3 &#8222;v\u00e1laszokkal&#8221;.<\/p>\n<p>&nbsp;<\/p>\n<p>A magyar r\u00e9sztvev\u0151k: \u00c1d\u00e1m R\u00f3bert (VKDSZ), ill. Viola Andr\u00e1s (Vizik\u00f6zm\u0171 \u00c1PB) el\u0151ad\u00e1st tartottak a vizik\u00f6zm\u0171 \u00e1gazatban eddig megt\u00f6rt\u00e9nt privatiz\u00e1ci\u00f3r\u00f3l- ennek hat\u00e1s\u00e1r\u00f3l, ill. a tov\u00e1bbi v\u00e1rhat\u00f3 lehet\u0151s\u00e9gekr\u0151l; a vizik\u00f6zm\u0171 \u00e1gazatban 1990 \u00f3ta t\u00f6rt\u00e9nt v\u00e1ltoz\u00e1sokr\u00f3l (szervezetir\u00e1ny\u00edt\u00e1s, tulajdonosi szervezet, \u00e1rak, stb). K\u00fcl\u00f6n kit\u00e9rt az el\u0151ad\u00e1s a szoci\u00e1lis p\u00e1rbesz\u00e9dre ill. ezen bel\u00fcl az \u00c1PB-kre \u00e9s a Vizik\u00f6zm\u0171 \u00c1PB-re.<\/p>\n<p>&nbsp;<\/p>\n<p>Az el\u0151ad\u00e1sok ut\u00e1n k\u00fcl\u00f6n megbesz\u00e9l\u00e9seket folytattak a szlov\u00e1k munkaad\u00f3i \u00e9s munkav\u00e1llal\u00f3i szervezetek k\u00e9pvisel\u0151ivel a magyar \u00c1PB-k tev\u00e9kenys\u00e9g\u00e9r\u0151l. Ennek alapj\u00e1n javasolj\u00e1k k\u00e9toldal\u00fa tal\u00e1lkoz\u00f3k keret\u00e9ben konzult\u00e1ci\u00f3kat tartani az adott t\u00e9m\u00e1ban. A megbesz\u00e9l\u00e9sek sor\u00e1n az is kider\u00fclt, hogy a vizik\u00f6zm\u0171 ter\u00fclet szab\u00e1lyoz\u00e1s\u00e1t \u00e9rint\u0151en a szlov\u00e1k F\u00e9l rendelkezik olyan tapasztalatokkal, amelyeket a magyar F\u00e9l tudna hasznos\u00edtani.<\/p>\n<p>&nbsp;<\/p>\n<p>A szlov\u00e1k F\u00e9l t\u00f6bbsz\u00f6r is kijelentette, hogy miel\u0151bb szeretne szorosabb kapcsolatot kialak\u00edtani a v\u00edz\u00fcgyi munkaad\u00f3i \u00e9s munkav\u00e1llal\u00f3i szervezetekkel.<\/p>\n<p>&nbsp;<\/p>\n<p>&nbsp;<\/p>\n<p>&nbsp;<\/p>\n<p style=\"text-align: right;\">Viola Andr\u00e1s koordin\u00e1tor<\/p>\n","protected":false},"excerpt":{"rendered":"<p>A VKDSZ tagja a Nemzetk\u00f6zi K\u00f6zszolg\u00e1ltat\u00e1si Szakszervezeti Sz\u00f6vets\u00e9gnek \/PSI-Public Service Internacionale\/. Link:\u00a0http:\/\/www.epsu.org\/ &nbsp; PSI (Public Service Internacionale) K\u00f6z\u00e9p-Eur\u00f3pai Viz\u00fcgyi Konferencia (Szlov\u00e1kia) &nbsp; A konferenci\u00e1n n\u00e9gy k\u00f6z\u00e9p-eur\u00f3pai \u00e1llam (cseh, magyar, szlov\u00e1k, szlov\u00e9n) vizik\u00f6zm\u0171 \u00e1gazat\u00e1nak munkaad\u00f3i (nem minden orsz\u00e1gb\u00f3l) \u00e9s munkav\u00e1llal\u00f3i szervezeteinek k\u00e9pvisel\u0151i vettek r\u00e9szt. V\u00edzumprobl\u00e9m\u00e1k miatt nem tudtak r\u00e9szt venni a volt Jugoszl\u00e1via ut\u00f3d\u00e1llamai. &nbsp; A&#8230;<\/p>\n","protected":false},"author":1,"featured_media":0,"comment_status":"closed","ping_status":"closed","sticky":false,"template":"","format":"standard","meta":{"footnotes":""},"categories":[21,23],"tags":[],"class_list":["post-657","post","type-post","status-publish","format-standard","hentry","category-kapcsolataink","category-nemzetkozi-kapcsolataink"],"_links":{"self":[{"href":"https:\/\/vkdszsz.hu\/index.php?rest_route=\/wp\/v2\/posts\/657","targetHints":{"allow":["GET"]}}],"collection":[{"href":"https:\/\/vkdszsz.hu\/index.php?rest_route=\/wp\/v2\/posts"}],"about":[{"href":"https:\/\/vkdszsz.hu\/index.php?rest_route=\/wp\/v2\/types\/post"}],"author":[{"embeddable":true,"href":"https:\/\/vkdszsz.hu\/index.php?rest_route=\/wp\/v2\/users\/1"}],"replies":[{"embeddable":true,"href":"https:\/\/vkdszsz.hu\/index.php?rest_route=%2Fwp%2Fv2%2Fcomments&post=657"}],"version-history":[{"count":2,"href":"https:\/\/vkdszsz.hu\/index.php?rest_route=\/wp\/v2\/posts\/657\/revisions"}],"predecessor-version":[{"id":659,"href":"https:\/\/vkdszsz.hu\/index.php?rest_route=\/wp\/v2\/posts\/657\/revisions\/659"}],"wp:attachment":[{"href":"https:\/\/vkdszsz.hu\/index.php?rest_route=%2Fwp%2Fv2%2Fmedia&parent=657"}],"wp:term":[{"taxonomy":"category","embeddable":true,"href":"https:\/\/vkdszsz.hu\/index.php?rest_route=%2Fwp%2Fv2%2Fcategories&post=657"},{"taxonomy":"post_tag","embeddable":true,"href":"https:\/\/vkdszsz.hu\/index.php?rest_route=%2Fwp%2Fv2%2Ftags&post=657"}],"curies":[{"name":"wp","href":"https:\/\/api.w.org\/{rel}","templated":true}]}}